{"id":33014,"date":"2017-07-14T10:26:16","date_gmt":"2017-07-14T13:26:16","guid":{"rendered":"http:\/\/catolicanet.net\/wp-cnet\/?p=33014"},"modified":"2017-07-17T13:09:58","modified_gmt":"2017-07-17T16:09:58","slug":"acao-de-gracas-8-anos-de-vida-sacerdotal","status":"publish","type":"post","link":"https:\/\/catolicanet.net\/wp-cnet\/acao-de-gracas-8-anos-de-vida-sacerdotal\/","title":{"rendered":"A\u00e7\u00e3o de Gra\u00e7as 8 anos de Vida Sacerdotal"},"content":{"rendered":"<p style=\"text-align: justify;\">&#8220;CARITAS CHRISTI URGET NOS &#8211; O AMOR DE CRISTO NOS IMPELE&#8221; ( 2 Cor 5,14)<\/p>\n<p>Na ter\u00e7a-feira dia 11 de julho, estiveram celebrando 8 anos de vida sacerdotal na Par\u00f3quia Nossa Senhora do Ros\u00e1rio e S\u00e3o Benedito no Cubango em Niter\u00f3i, os padres Andr\u00e9 Lu\u00eds, Marcelo Jos\u00e9, Rafael Costa e Willian C\u00e9sar.<br \/>\nA Santa Missa em A\u00e7\u00e3o de Gra\u00e7as foi presidida pelo padre Andr\u00e9 Lu\u00eds, vig\u00e1rio episcopal de S\u00e3o Gon\u00e7alo, e a homilia foi feita pelo padre Rafael Costa, p\u00e1roco de Nossa Senhora da Concei\u00e7\u00e3o &#8211; Iguaba, que acentuou o valor da ora\u00e7\u00e3o para a vida do padre diante das lutas do dia a dia.<br \/>\nNo final da celebra\u00e7\u00e3o, o padre Marcelo Jos\u00e9 chamou os familiares de cada sacerdote, mostrando a import\u00e2ncia da fam\u00edlia e valorizando cada um dos amigos que fazem parte desta caminhada sacerdotal.\u00a0 Padre Willian ministrou um momento de ora\u00e7\u00e3o para rezar por cada um dos aniversariantes.<\/p>\n<p style=\"text-align: justify;\">\n<p>Fonte: Assessoria de Imprensa e Comunica\u00e7\u00e3o Interna do Padre Marcelo Jos\u00e9<\/p>\n","protected":false},"excerpt":{"rendered":"<p>&#8220;CARITAS CHRISTI URGET NOS &#8211; O AMOR DE CRISTO NOS IMPELE&#8221; ( 2 Cor 5,14) Na ter\u00e7a-feira dia 11 de julho, estiveram celebrando 8 anos de vida sacerdotal na Par\u00f3quia Nossa Senhora do Ros\u00e1rio e S\u00e3o Benedito no Cubango em Niter\u00f3i, os padres Andr\u00e9 Lu\u00eds, Marcelo Jos\u00e9, Rafael Costa e Willian C\u00e9sar. A Santa Missa [&hellip;]<\/p>\n","protected":false},"author":1,"featured_media":33015,"comment_status":"open","ping_status":"closed","sticky":false,"template":"","format":"standard","meta":{"footnotes":""},"categories":[4],"tags":[],"class_list":["post-33014","post","type-post","status-publish","format-standard","has-post-thumbnail","hentry","category-cotidiano"],"_links":{"self":[{"href":"https:\/\/catolicanet.net\/wp-cnet\/wp-json\/wp\/v2\/posts\/33014","targetHints":{"allow":["GET"]}}],"collection":[{"href":"https:\/\/catolicanet.net\/wp-cnet\/wp-json\/wp\/v2\/posts"}],"about":[{"href":"https:\/\/catolicanet.net\/wp-cnet\/wp-json\/wp\/v2\/types\/post"}],"author":[{"embeddable":true,"href":"https:\/\/catolicanet.net\/wp-cnet\/wp-json\/wp\/v2\/users\/1"}],"replies":[{"embeddable":true,"href":"https:\/\/catolicanet.net\/wp-cnet\/wp-json\/wp\/v2\/comments?post=33014"}],"version-history":[{"count":1,"href":"https:\/\/catolicanet.net\/wp-cnet\/wp-json\/wp\/v2\/posts\/33014\/revisions"}],"predecessor-version":[{"id":33016,"href":"https:\/\/catolicanet.net\/wp-cnet\/wp-json\/wp\/v2\/posts\/33014\/revisions\/33016"}],"wp:featuredmedia":[{"embeddable":true,"href":"https:\/\/catolicanet.net\/wp-cnet\/wp-json\/wp\/v2\/media\/33015"}],"wp:attachment":[{"href":"https:\/\/catolicanet.net\/wp-cnet\/wp-json\/wp\/v2\/media?parent=33014"}],"wp:term":[{"taxonomy":"category","embeddable":true,"href":"https:\/\/catolicanet.net\/wp-cnet\/wp-json\/wp\/v2\/categories?post=33014"},{"taxonomy":"post_tag","embeddable":true,"href":"https:\/\/catolicanet.net\/wp-cnet\/wp-json\/wp\/v2\/tags?post=33014"}],"curies":[{"name":"wp","href":"https:\/\/api.w.org\/{rel}","templated":true}]}}