{"id":33011,"date":"2017-07-14T09:51:13","date_gmt":"2017-07-14T12:51:13","guid":{"rendered":"http:\/\/catolicanet.net\/wp-cnet\/?p=33011"},"modified":"2017-07-17T13:07:13","modified_gmt":"2017-07-17T16:07:13","slug":"comissao-especial-para-amazonia-um-horizonte-de-desafios-no-brasil-e-no-mundo","status":"publish","type":"post","link":"https:\/\/catolicanet.net\/wp-cnet\/comissao-especial-para-amazonia-um-horizonte-de-desafios-no-brasil-e-no-mundo\/","title":{"rendered":"Comiss\u00e3o Especial para Amaz\u00f4nia: um horizonte de desafios no Brasil e no mundo"},"content":{"rendered":"<p style=\"text-align: justify;\">Dom Leonardo Steiner, secret\u00e1rio-geral da CNBB, em entrevista concedida \u00e0 R\u00e1dio Vaticano, afirmou: \u201cN\u00f3s \u00e0s vezes pensamos a Amaz\u00f4nia como a regi\u00e3o geogr\u00e1fica, mas o Papa Francisco [ao se referir \u00e0 Amaz\u00f4nia] est\u00e1 pensando numa regi\u00e3o viva, pensa em todos os seres que ali existem: nas pessoas, na \u00e1gua, nas matas, nos animais, mas especialmente nas pessoas e no modo como vivem, na sua liberdade e simplicidade\u201c. Seis regionais da Confer\u00eancia s\u00e3o considerados \u201camaz\u00f4nicos\u201d: Norte 1, Norte 2, Norte 3, Noroeste, Nordeste 5 e Oeste 2. No total, s\u00e3o 56 dioceses espalhadas por esses regionais com centenas de par\u00f3quias e comunidades.<\/p>\n<p>O desafio eclesial desse universo \u00e9 t\u00e3o particular que fez-se necess\u00e1ria uma comiss\u00e3o episcopal especial. Criada em 2003, com o objetivo de animar o esp\u00edrito mission\u00e1rio da Igreja e sensibilizar a sociedade brasileira em rela\u00e7\u00e3o \u00e0 Amaz\u00f4nia, esta comiss\u00e3o tem sido respons\u00e1vel por iniciativas.<\/p>\n<p>objetivo da comiss\u00e3o \u00e9 de animar o esp\u00edrito mission\u00e1rio da Igreja e sensibilizar a sociedade brasileira em rela\u00e7\u00e3o \u00e0 Amaz\u00f4nia<\/p>\n<p>Nos pr\u00f3ximos meses, a comiss\u00e3o tem duas grandes tarefas. Ir. Maria Irene Lopes dos Santos, assessora da comiss\u00e3o, enumera: \u201cprimeira: em conjunto com as pastorais sociais e o grupo Igreja e Minera\u00e7\u00e3o, teremos o encontro sobre Ecoteologia que ser\u00e1 realizado em Bras\u00edlia, nos dias 16 e de 17 de agosto\u201d.\u00a0 E a segunda: \u201cteremos uma reuni\u00e3o com os representantes de todos os que participaram dos 15 semin\u00e1rios sobre a enc\u00edclica do Papa Francisco, Laudato S\u00ec, para prepararmos o semin\u00e1rio geral a respeito do tema, em novembro\u201d.<\/p>\n<p><img decoding=\"async\" class=\"alignright\" src=\"http:\/\/www.catolicanet.com.br\/images\/stories\/noticias2017\/hummes-1200x762_c.jpg\" align=\"right\" border=\"0\" \/>Cardeal Claudio Hummes, presidente da Comiss\u00e3o para a Amaz\u00f4nia Foto: CNBB<\/p>\n<p>A comiss\u00e3o \u00e9 composta por seis bispos e se re\u00fane, ordinariamente tr\u00eas vezes ao ano. Al\u00e9m disso, como parte do dinamismo do trabalho da comiss\u00e3o, o presidente, cardeal Claudio Hummes, tem feito um trabalho mission\u00e1rio de visitar v\u00e1rias regi\u00f5es da Amaz\u00f4nia: \u201cdaqui uns dias, ele ir\u00e1 visitar Palmas (TO) e Concei\u00e7\u00e3o do Araguaia (PA) e, depois, ele ainda visita mais duas regi\u00f5es neste ano de 2017, indo a Marab\u00e1 (PA) e ao Xing\u00fa (PA)\u201d, explica Ir. Irene. O presidente visita os bispos, conversa com as lideran\u00e7as com o prop\u00f3sito de conhecer mais e sentir a real situa\u00e7\u00e3o da Amaz\u00f4nia dos tempos atuais. Esse trabalho, \u201ctem levado a uma maior visibilidade da Amaz\u00f4nia, n\u00e3o somente no Brasil, mas tamb\u00e9m internacionalmente\u201d, afirma.<\/p>\n<p>Na expans\u00e3o do trabalho da comiss\u00e3o fora do Brasil destaca-se a participa\u00e7\u00e3o na cria\u00e7\u00e3o da Rede Eclesial Pan-amaz\u00f4nica (Repam).\u00a0 O objetivo dessa rede \u00e9 abrir caminhos de di\u00e1logo, de articula\u00e7\u00e3o, de coopera\u00e7\u00e3o e de fraternidade entre as igrejas locais para fortalecer a comunh\u00e3o pan-amaz\u00f4nica atrav\u00e9s de iniciativas como: repensar nossa rela\u00e7\u00e3o com o meio ambiente e com as popula\u00e7\u00f5es tradicionais da regi\u00e3o; compreender e conhecer melhor a vida do bioma amaz\u00f4nico atrav\u00e9s da hist\u00f3ria e do testemunho, das propostas e das den\u00fancias promover o interc\u00e2mbio de informa\u00e7\u00f5es e dar visibilidade aos programas de defesa da vida; assumir a defesa da vida nas periferias existenciais dos povos da Amaz\u00f4nia; formar uma ponte na defesa da vida entre a realidade local, nacional e internacional.<\/p>\n<p>A Repam abrange os nove pa\u00edses que formam a Bacia Amaz\u00f4nica: Brasil, Bol\u00edvia, Peru, Col\u00f4mbia, Equador, Venezuela, Guiana, Suriname e Guiana Francesa<\/p>\n<p><img decoding=\"async\" class=\"alignleft\" src=\"http:\/\/www.catolicanet.com.br\/images\/stories\/noticias2017\/osnilda2.jpg\" align=\"left\" border=\"0\" \/>Ir. Osnilda Lima<\/p>\n<p>\u201cDesde a funda\u00e7\u00e3o da Repam, em 2014, a comiss\u00e3o episcopal pastoral especial para a Amaz\u00f4nia tem assumido a tarefa de animar, no Brasil, os eixos de trabalho da Rede\u201d, diz Ir. Irene. \u201cAtualmente temos trabalhado em tr\u00eas frentes, tr\u00eas eixos de atua\u00e7\u00e3o da Repam: mapeamento, forma\u00e7\u00e3o e comunica\u00e7\u00e3o\u201d, acrescenta. Para melhorar a colabora\u00e7\u00e3o da comiss\u00e3o com a Rede, o escrit\u00f3rio na sede nacional, em Bras\u00edlia, e em encontros regionais, tem acolhido e enviado uma colaboradora, religiosa e jornalista, Ir. Osnilda Lima, para facilitar o planejamento e na execu\u00e7\u00e3o de a\u00e7\u00f5es no campo da comunica\u00e7\u00e3o na Amaz\u00f4nia.<\/p>\n<p>COMISS\u00c3O EPISCOPAL PASTORAL ESPECIAL PARA A AMAZ\u00d4NIA<\/p>\n<p>Membros<\/p>\n<p>Cardeal Claudio Hummes, arcebispo em\u00e9rito de S\u00e3o Paulo (SP), presidente<br \/>\nDom Ervin Krautler, bispo em\u00e9rito de Xingu\u00fa (PA), secret\u00e1rio<br \/>\nDom Moacyr Grechi, arcebispo em\u00e9rito de Porto Velho (RO)<\/p>\n<p>Dom Roque Paloschi, arcebispo de Porto Velho (RO)<\/p>\n<p>Dom S\u00e9rgio Eduardo Castriani, arcebispo de Manaus (AM)<\/p>\n<p>Dom Vicente Costa, bispo de Jundiai (SP)<\/p>\n<p>Assessoria<\/p>\n<p>Ir. Maria Irene Lopes dos Santos<\/p>\n<p><a href=\"mailto:amazonia@cnbb.org.br\">amazonia@cnbb.org.br<\/a><\/p>\n<p>Tel: (061) 2103 8388<\/p>\n<p>Comunica\u00e7\u00e3o\/Repam-Brasil<\/p>\n<p>Ir. Osnilda Lima<\/p>\n<p><a href=\"mailto:repamcomunica@gmail.com\">repamcomunica@gmail.com<\/a><\/p>\n<p>Tel: (061) 2103 8393<\/p>\n<p style=\"text-align: justify;\">\n<p style=\"text-align: justify;\">Fonte: CNBB<\/p>\n","protected":false},"excerpt":{"rendered":"<p>Dom Leonardo Steiner, secret\u00e1rio-geral da CNBB, em entrevista concedida \u00e0 R\u00e1dio Vaticano, afirmou: \u201cN\u00f3s \u00e0s vezes pensamos a Amaz\u00f4nia como a regi\u00e3o geogr\u00e1fica, mas o Papa Francisco [ao se referir \u00e0 Amaz\u00f4nia] est\u00e1 pensando numa regi\u00e3o viva, pensa em todos os seres que ali existem: nas pessoas, na \u00e1gua, nas matas, nos animais, mas especialmente [&hellip;]<\/p>\n","protected":false},"author":1,"featured_media":33012,"comment_status":"open","ping_status":"closed","sticky":false,"template":"","format":"standard","meta":{"footnotes":""},"categories":[7],"tags":[],"class_list":["post-33011","post","type-post","status-publish","format-standard","has-post-thumbnail","hentry","category-cnbb"],"_links":{"self":[{"href":"https:\/\/catolicanet.net\/wp-cnet\/wp-json\/wp\/v2\/posts\/33011","targetHints":{"allow":["GET"]}}],"collection":[{"href":"https:\/\/catolicanet.net\/wp-cnet\/wp-json\/wp\/v2\/posts"}],"about":[{"href":"https:\/\/catolicanet.net\/wp-cnet\/wp-json\/wp\/v2\/types\/post"}],"author":[{"embeddable":true,"href":"https:\/\/catolicanet.net\/wp-cnet\/wp-json\/wp\/v2\/users\/1"}],"replies":[{"embeddable":true,"href":"https:\/\/catolicanet.net\/wp-cnet\/wp-json\/wp\/v2\/comments?post=33011"}],"version-history":[{"count":1,"href":"https:\/\/catolicanet.net\/wp-cnet\/wp-json\/wp\/v2\/posts\/33011\/revisions"}],"predecessor-version":[{"id":33013,"href":"https:\/\/catolicanet.net\/wp-cnet\/wp-json\/wp\/v2\/posts\/33011\/revisions\/33013"}],"wp:featuredmedia":[{"embeddable":true,"href":"https:\/\/catolicanet.net\/wp-cnet\/wp-json\/wp\/v2\/media\/33012"}],"wp:attachment":[{"href":"https:\/\/catolicanet.net\/wp-cnet\/wp-json\/wp\/v2\/media?parent=33011"}],"wp:term":[{"taxonomy":"category","embeddable":true,"href":"https:\/\/catolicanet.net\/wp-cnet\/wp-json\/wp\/v2\/categories?post=33011"},{"taxonomy":"post_tag","embeddable":true,"href":"https:\/\/catolicanet.net\/wp-cnet\/wp-json\/wp\/v2\/tags?post=33011"}],"curies":[{"name":"wp","href":"https:\/\/api.w.org\/{rel}","templated":true}]}}