{"id":33005,"date":"2017-07-13T16:25:41","date_gmt":"2017-07-13T19:25:41","guid":{"rendered":"http:\/\/catolicanet.net\/wp-cnet\/?p=33005"},"modified":"2017-07-17T12:59:42","modified_gmt":"2017-07-17T15:59:42","slug":"acho-que-meu-filho-esta-sofrendo-bullying-o-que-devo-fazer","status":"publish","type":"post","link":"https:\/\/catolicanet.net\/wp-cnet\/acho-que-meu-filho-esta-sofrendo-bullying-o-que-devo-fazer\/","title":{"rendered":"Acho que meu filho est\u00e1 sofrendo bullying: o que devo fazer?"},"content":{"rendered":"<p style=\"text-align: justify;\">A psiquiatra infantil Nicole Catheline oferece aos pais os conselhos sobre como lidar com essa prova\u00e7\u00e3o<\/p>\n<p>Infelizmente, o bullying \u00e9 uma quest\u00e3o muito comum que pode ter efeitos prejudiciais na sa\u00fade mental da v\u00edtima. A agress\u00e3o f\u00edsica e psicol\u00f3gica repetida tem seu impacto tanto na crian\u00e7a quanto na fam\u00edlia e nem sempre \u00e9 f\u00e1cil saber o que fazer. Como \u00e9 uma quest\u00e3o t\u00e3o sens\u00edvel, conversamos com a psiquiatra infantil Nicole Catheline, autora do livro School Bullying, para nos dar algumas dicas.<\/p>\n<p>Quais s\u00e3o os sinais de alerta de bullying a serem procurados?<\/p>\n<p>\u201cN\u00e3o h\u00e1 sinais indicadores espec\u00edficos, mas h\u00e1 mudan\u00e7as no comportamento a serem observadas, como irritabilidade, hipersensibilidade, cansa\u00e7o, problemas com comer ou dormir, depend\u00eancia de videogames, atrasar-se para evitar ir \u00e0 escola ou perder o \u00f4nibus. Infelizmente, os adultos tendem a assumir que essas mudan\u00e7as s\u00e3o apenas os sinais t\u00edpicos da adolesc\u00eancia, mas isso nem sempre \u00e9 o caso\u201d.<\/p>\n<p>As v\u00edtimas do bullying t\u00eam um perfil?<\/p>\n<p>\u201cVoc\u00ea n\u00e3o deveria realmente abordar o problema dessa maneira porque isso implicaria que \u00e9 culpa da v\u00edtima que ela esteja sendo atacada. O bullying \u00e9 o resultado de uma falha na din\u00e2mica interna de um grupo\u201d.<\/p>\n<p>\u201cDurante a adolesc\u00eancia, o grupo \u00e9 importante para construir a personalidade de uma crian\u00e7a. Ele protege e envia uma imagem positiva daqueles que pertencem a ele. Para que um grupo funcione eficazmente, ele precisa se reunir o mais r\u00e1pido poss\u00edvel. Cada crian\u00e7a contribui com algo diferente\u201d.<\/p>\n<p>\u201cNo entanto, as crian\u00e7as do grupo podem acreditar que a v\u00edtima amea\u00e7a sua identidade coletiva porque suas roupas, interesses ou outros aspectos n\u00e3o se encaixam no grupo. Ent\u00e3o a institui\u00e7\u00e3o deve intervir. Os educadores n\u00e3o podem permitir a lei da selva ou a sobreviv\u00eancia do mais apto a prevalecer\u201d.<\/p>\n<p>Por que os que sofrem bullying se fecham?<\/p>\n<p>\u201cA crian\u00e7a est\u00e1 no meio do desenvolvimento e ela quer uma autoimagem positiva, ent\u00e3o ela tentar\u00e1 encontrar a solu\u00e7\u00e3o por conta pr\u00f3pria. No entanto, ela pode manter o sil\u00eancio por medo de retalia\u00e7\u00e3o se seus pais notificarem a escola, ou por causa da carga da vergonha ou o medo de adicionar preocupa\u00e7\u00f5es extras a uma fam\u00edlia que j\u00e1 tem problemas. Mas depois de um tempo, ela se esgotar\u00e1 e confiar\u00e1 em algu\u00e9m. Geralmente, leva quatro a seis meses para que a v\u00edtima se abra. Mas algumas nunca se abrem\u201d.<\/p>\n<p>Como devemos falar com nossos filhos sem ser muito insistentes?<\/p>\n<p>\u201cVoc\u00ea precisa ser o mais neutro poss\u00edvel, ent\u00e3o tente dizer, \u2018o bullying pode acontecer com qualquer um e se isso acontecer, faremos tudo o que pudermos para impedir\u2019. Fa\u00e7a o que fizer, n\u00e3o diga, \u2018ningu\u00e9m est\u00e1 incomodando voc\u00ea na escola, certo?\u2019. Uma vez que isso poderia transmitir nossa pr\u00f3pria ansiedade e resultar no fechamento de nossa crian\u00e7a\u201d.<\/p>\n<p>Como podemos parar o bullying?<\/p>\n<p>\u201cVoc\u00ea n\u00e3o deve tentar resolver o problema sozinho, nem deve abordar a crian\u00e7a que est\u00e1 sofrendo bullying ou seus pais, pois isso pode piorar a situa\u00e7\u00e3o. A primeira coisa a fazer \u00e9 notificar os professores, o conselheiro escolar e o diretor. Eles podem juntar as duas crian\u00e7as e descobrir o que est\u00e1 acontecendo, ajudando quem est\u00e1 sofrendo bullying a entender seus motivos e permitindo que a v\u00edtima conhe\u00e7a as raz\u00f5es pelas quais ela est\u00e1 sendo escolhida. Ent\u00e3o, \u00e9 importante fazer parte da desconstru\u00e7\u00e3o \u2013 \u2018que solu\u00e7\u00e3o podemos encontrar juntos?\u2019 \u2013 e n\u00e3o da acusa\u00e7\u00e3o\u201d.<\/p>\n<p>E se a escola n\u00e3o quiser saber? Entre em contato com o conselho escolar ou o superintendente. Se sentir a seguran\u00e7a do seu filho em risco, v\u00e1 at\u00e9 a pol\u00edcia local.<\/p>\n<p>Sempre h\u00e1 um l\u00edder?<\/p>\n<p>\u201cO valent\u00e3o pode ser qualquer um, sem ser um l\u00edder real. Todos n\u00f3s temos esse lado que pode ser facilmente liderado. \u00c9 por isso que trabalhar em grupos pode ser um exerc\u00edcio realmente \u00fatil: faz com que as crian\u00e7as pensem e as encoraja a encontrar a voz delas, ao inv\u00e9s de seguir cegamente como uma ovelha apenas para fazer parte de um grupo. Mais importante, mostra-lhes como ajudar a v\u00edtima\u201d.<\/p>\n<p>Devemos incentivar nossos filhos a reagir? Apresentar queixa? Mudar de escola?<\/p>\n<p>\u201cVoc\u00ea deve entender as inten\u00e7\u00f5es do valent\u00e3o. Na maioria das vezes, o bullying significa, \u2018n\u00f3s n\u00e3o queremos voc\u00ea\u2019, e reagir fisicamente n\u00e3o vai ajudar. Tomar a abordagem legal n\u00e3o vai realmente dar-lhe o resultado final que voc\u00ea est\u00e1 procurando, exceto nos casos de verdadeira deprava\u00e7\u00e3o. Mudar de escola n\u00e3o \u00e9 a resposta, uma vez que a crian\u00e7a desenvolver\u00e1 uma linguagem corporal do medo (retirada, olhos baixos\u2026) que poderia atrair outro valent\u00e3o. Essas tr\u00eas medidas precisam ser consideradas caso a caso\u201d.<\/p>\n<p>Como voc\u00ea pode ajudar uma crian\u00e7a a recuperar a confian\u00e7a?<\/p>\n<p>\u201cD\u00ea atividades a ela onde ela se sinta valorizada e uma plataforma para falar, ajudando-a a encontrar sua confian\u00e7a em um grupo, talvez se juntando a um clube esportivo ou cultural. \u00c9 como cair de um cavalo: voc\u00ea tem que encorajar as crian\u00e7as a tentar novamente e voltar a \u2018viver juntos\u2019\u201d.<\/p>\n<p>H\u00e1 muita literatura \u00fatil dispon\u00edvel para crian\u00e7as e pais. \u00c9 \u00fatil para orientar os pais atrav\u00e9s de todo o processo de bullying. H\u00e1 tamb\u00e9m muitos livros recomendados por professores para crian\u00e7as de todas as idades sobre como lidar ou prevenir o bullying.<\/p>\n<p style=\"text-align: justify;\">\n<p style=\"text-align: justify;\">Fonte: Aleteia<\/p>\n","protected":false},"excerpt":{"rendered":"<p>A psiquiatra infantil Nicole Catheline oferece aos pais os conselhos sobre como lidar com essa prova\u00e7\u00e3o Infelizmente, o bullying \u00e9 uma quest\u00e3o muito comum que pode ter efeitos prejudiciais na sa\u00fade mental da v\u00edtima. A agress\u00e3o f\u00edsica e psicol\u00f3gica repetida tem seu impacto tanto na crian\u00e7a quanto na fam\u00edlia e nem sempre \u00e9 f\u00e1cil saber [&hellip;]<\/p>\n","protected":false},"author":1,"featured_media":33006,"comment_status":"open","ping_status":"closed","sticky":false,"template":"","format":"standard","meta":{"footnotes":""},"categories":[4],"tags":[],"class_list":["post-33005","post","type-post","status-publish","format-standard","has-post-thumbnail","hentry","category-cotidiano"],"_links":{"self":[{"href":"https:\/\/catolicanet.net\/wp-cnet\/wp-json\/wp\/v2\/posts\/33005","targetHints":{"allow":["GET"]}}],"collection":[{"href":"https:\/\/catolicanet.net\/wp-cnet\/wp-json\/wp\/v2\/posts"}],"about":[{"href":"https:\/\/catolicanet.net\/wp-cnet\/wp-json\/wp\/v2\/types\/post"}],"author":[{"embeddable":true,"href":"https:\/\/catolicanet.net\/wp-cnet\/wp-json\/wp\/v2\/users\/1"}],"replies":[{"embeddable":true,"href":"https:\/\/catolicanet.net\/wp-cnet\/wp-json\/wp\/v2\/comments?post=33005"}],"version-history":[{"count":1,"href":"https:\/\/catolicanet.net\/wp-cnet\/wp-json\/wp\/v2\/posts\/33005\/revisions"}],"predecessor-version":[{"id":33007,"href":"https:\/\/catolicanet.net\/wp-cnet\/wp-json\/wp\/v2\/posts\/33005\/revisions\/33007"}],"wp:featuredmedia":[{"embeddable":true,"href":"https:\/\/catolicanet.net\/wp-cnet\/wp-json\/wp\/v2\/media\/33006"}],"wp:attachment":[{"href":"https:\/\/catolicanet.net\/wp-cnet\/wp-json\/wp\/v2\/media?parent=33005"}],"wp:term":[{"taxonomy":"category","embeddable":true,"href":"https:\/\/catolicanet.net\/wp-cnet\/wp-json\/wp\/v2\/categories?post=33005"},{"taxonomy":"post_tag","embeddable":true,"href":"https:\/\/catolicanet.net\/wp-cnet\/wp-json\/wp\/v2\/tags?post=33005"}],"curies":[{"name":"wp","href":"https:\/\/api.w.org\/{rel}","templated":true}]}}