{"id":3300,"date":"2013-11-04T13:31:45","date_gmt":"2013-11-04T15:31:45","guid":{"rendered":"http:\/\/catolicanet.net\/wp-cnet\/tv-e-o-estereotipo-da-mulher\/"},"modified":"2017-03-23T13:14:43","modified_gmt":"2017-03-23T16:14:43","slug":"tv-e-o-estereotipo-da-mulher","status":"publish","type":"post","link":"https:\/\/catolicanet.net\/wp-cnet\/tv-e-o-estereotipo-da-mulher\/","title":{"rendered":"TV e o estere\u00f3tipo da mulher"},"content":{"rendered":"<p style=\"text-align: justify;\">Na sociedade em que vivemos quando os terr\u00e1queos retornam no para aos seus lares no final da tarde depois de um dia de trabalho esperam encontrar al\u00e9m de suas fam\u00edlias, op\u00e7\u00f5es de entretenimento e lazer de qualidade que os ajudem a harmonizar e integrar; fam\u00edlia, sociedade e espiritualidade, que s\u00e3o o trip\u00e9 da cultura da sa\u00fade mental.<br \/>O estranhamento \u00e9 que temos encontrado uma competi\u00e7\u00e3o entre as algumas emissoras televisivas de canal aberto um frenesi de concorr\u00eancia pela disputa da baixaria, imoralidade e degrada\u00e7\u00e3o da pessoa humana em especial a mulher.<br \/>O que nos deixa perplexo \u00e9 a indiferen\u00e7a e a frieza das mulheres diante desses programas de baixo n\u00edvel que ridicularizam e denigrem o ser e a capacidade do sexo feminino. Assistimos em especial nas novelas de uma conceituada emissora a avalanche de predicados degenerativos em cima da mulher: como cadela, burra e outros. <br \/>O mais impressionante \u00e9 congelamento dos sentimentos que isso causa que faz com que a mulher al\u00e9m de aceitar essa blasf\u00eamia ela acata num profundo estado de submiss\u00e3o e culpa permitindo que os mercen\u00e1rios da crueldade zombem, pisem, rebaixe e ridicularize as como verdadeiras escravas do \u00a8sexo fr\u00e1gil\u00a8.<br \/>Ao mesmo tempo o mundo se emociona e se orgulha que outro lado do mundo um a jovem paquistan\u00eas\u00a0 Malala Yousafzai, uma hero\u00edna de apenas 15 anos depois de ser agredida, ferida e sair das garras dos mercen\u00e1rios e da morte se levanta em prol da dignidade da mulher e homenageada e com os maiores pr\u00eamios pela causa humanit\u00e1ria testemunha para o mundo que ir\u00e1 se dedicar e der a sua vida pelo fim e o erradica\u00e7\u00e3o do analfabetismo das mulheres no mundo.<br \/>A quest\u00e3o aqui n\u00e3o se trata de esperarmos tantos anos para que isso aconte\u00e7a, mas apostarmos j\u00e1 nas diferentes iniciativas da sociedade civil que vem atuando e desenvolvendo em nosso pa\u00eds, \u00e9 hora de somar e de travar uma batalha contra esses imperialistas da comunica\u00e7\u00e3o que sedentos de poder e fascinados pelos \u00edndices do ibope esmagam com o rolo compressor da comunica\u00e7\u00e3o as consci\u00eancias deturpando-as e pervertendo-as atrav\u00e9s da baixaria de suas novelas, enlatados e programas rid\u00edculos, enriquecerem a custa do analfabetismo e da fatalidade m\u00f3rbida de um povo acolhedor, bom e trabalhador.<\/p>\n<p>A coca\u00edna da ignor\u00e2ncia diariamente \u00e9 dada gratuitamente pelos traficantes dos meios de comunica\u00e7\u00e3o \u00a8marrom\u00a8, estes t\u00eam os seus laranjas espalhados em todos os meios do segmento da sociedade e contam com o apoio de pol\u00edticos, empres\u00e1rios e governantes atrelados e garantidos em suas seguran\u00e7as pelos carrascos da justi\u00e7a.<br \/>Chegou \u00e0 hora de dar uma basta a essa baixaria que al\u00e9m de denegrir continua a fazer da mulher um produto manipulado e descart\u00e1vel refor\u00e7ando assim ideologia da fatalidade e da praga do analfabetismo sobre o sexo fr\u00e1gil, a mulher que ainda continua a ser o objeto manipulador do dem\u00f4nio.<br \/>Em nome das nossas crian\u00e7as e a dignidade da nossa P\u00e1tria Amada Brasil, levemos a frente uma campanha da moraliza\u00e7\u00e3o e do resgate da dignidade da mulher mobilizando as redes sociais e outros ve\u00edculos exigindo que seja banido dos meios de comunica\u00e7\u00e3o e principalmente da televisa toda e qualquer palavra ou cena a que venham rebaixar, ridicularizar e denegrir a dignidade a mulher. Enquanto isso, o controle remoto continua sendo a arma mais pr\u00f3xima e poderosa em nossas m\u00e3os.<\/p>\n<p style=\"text-align: justify;\">\u00a0<\/p>\n<p style=\"text-align: justify;\"><strong>Luiz Roberto Teixeira Di Lascio<br \/>Par\u00f3quia Nossa Senhora do Ros\u00e1rio de Pomp\u00e9ia<\/strong><\/p>\n","protected":false},"excerpt":{"rendered":"<p>Na sociedade em que vivemos quando os terr\u00e1queos retornam no para aos seus lares no final da tarde depois de um dia de trabalho esperam encontrar al\u00e9m de suas fam\u00edlias, op\u00e7\u00f5es de entretenimento e lazer de qualidade que os ajudem a harmonizar e integrar; fam\u00edlia, sociedade e espiritualidade, que s\u00e3o o trip\u00e9 da cultura da [&hellip;]<\/p>\n","protected":false},"author":1,"featured_media":0,"comment_status":"closed","ping_status":"closed","sticky":false,"template":"","format":"standard","meta":{"footnotes":""},"categories":[4],"tags":[],"class_list":["post-3300","post","type-post","status-publish","format-standard","hentry","category-cotidiano"],"_links":{"self":[{"href":"https:\/\/catolicanet.net\/wp-cnet\/wp-json\/wp\/v2\/posts\/3300","targetHints":{"allow":["GET"]}}],"collection":[{"href":"https:\/\/catolicanet.net\/wp-cnet\/wp-json\/wp\/v2\/posts"}],"about":[{"href":"https:\/\/catolicanet.net\/wp-cnet\/wp-json\/wp\/v2\/types\/post"}],"author":[{"embeddable":true,"href":"https:\/\/catolicanet.net\/wp-cnet\/wp-json\/wp\/v2\/users\/1"}],"replies":[{"embeddable":true,"href":"https:\/\/catolicanet.net\/wp-cnet\/wp-json\/wp\/v2\/comments?post=3300"}],"version-history":[{"count":1,"href":"https:\/\/catolicanet.net\/wp-cnet\/wp-json\/wp\/v2\/posts\/3300\/revisions"}],"predecessor-version":[{"id":7584,"href":"https:\/\/catolicanet.net\/wp-cnet\/wp-json\/wp\/v2\/posts\/3300\/revisions\/7584"}],"wp:attachment":[{"href":"https:\/\/catolicanet.net\/wp-cnet\/wp-json\/wp\/v2\/media?parent=3300"}],"wp:term":[{"taxonomy":"category","embeddable":true,"href":"https:\/\/catolicanet.net\/wp-cnet\/wp-json\/wp\/v2\/categories?post=3300"},{"taxonomy":"post_tag","embeddable":true,"href":"https:\/\/catolicanet.net\/wp-cnet\/wp-json\/wp\/v2\/tags?post=3300"}],"curies":[{"name":"wp","href":"https:\/\/api.w.org\/{rel}","templated":true}]}}