{"id":32994,"date":"2017-07-13T15:56:20","date_gmt":"2017-07-13T18:56:20","guid":{"rendered":"http:\/\/catolicanet.net\/wp-cnet\/?p=32994"},"modified":"2017-07-17T11:36:59","modified_gmt":"2017-07-17T14:36:59","slug":"salvador-igreja-de-sao-francisco-se-abre-para-festa-literaria-internacional","status":"publish","type":"post","link":"https:\/\/catolicanet.net\/wp-cnet\/salvador-igreja-de-sao-francisco-se-abre-para-festa-literaria-internacional\/","title":{"rendered":"Salvador: Igreja de S\u00e3o Francisco se abre para Festa Liter\u00e1ria Internacional"},"content":{"rendered":"<p style=\"text-align: justify;\">Salvador (RV) \u2013 A Igreja de S\u00e3o Francisco, Patrim\u00f4nio da Humanidade pela Unesco junto ao cora\u00e7\u00e3o hist\u00f3rico de Salvador, ir\u00e1 receber o sarau \u201cMaria Beth\u00e2nia e as Palavras\u201d, por ocasi\u00e3o da Festa Liter\u00e1ria Internacional do Pelourinho (Flipel\u00f4) que acontece entre 9 e 13 de agosto. Os edif\u00edcios hist\u00f3ricos, tanto da igreja como do convento, dos s\u00e9culos XVII e XVIII, de rica express\u00e3o do Barroco no Brasil, tamb\u00e9m s\u00e3o classificados como uma das Sete Maravilhas de Origem Portuguesa no Mundo.<\/p>\n<p>A Festa Liter\u00e1ria Internacional tem programa\u00e7\u00e3o gratuita e aberta ao p\u00fablico, tanto adulto como infanto-juvenil, com debates, oficinas liter\u00e1rias e leituras dram\u00e1ticas em pleno Centro Hist\u00f3rico de Salvador. A abertura na Igreja de S\u00e3o Francisco com o sarau da cantora brasileira est\u00e1 marcada para 9 de agosto, \u00e0s 20h. Maria Beth\u00e2nia vai mesclar leitura e m\u00fasica, can\u00e7\u00f5es pouco frequentes no repert\u00f3rio, tudo acompanhado por um violonista e um percussionista.<\/p>\n<p style=\"text-align: justify;\">Fonte: R\u00e1dio Vaticano<\/p>\n","protected":false},"excerpt":{"rendered":"<p>Salvador (RV) \u2013 A Igreja de S\u00e3o Francisco, Patrim\u00f4nio da Humanidade pela Unesco junto ao cora\u00e7\u00e3o hist\u00f3rico de Salvador, ir\u00e1 receber o sarau \u201cMaria Beth\u00e2nia e as Palavras\u201d, por ocasi\u00e3o da Festa Liter\u00e1ria Internacional do Pelourinho (Flipel\u00f4) que acontece entre 9 e 13 de agosto. Os edif\u00edcios hist\u00f3ricos, tanto da igreja como do convento, dos [&hellip;]<\/p>\n","protected":false},"author":1,"featured_media":32995,"comment_status":"open","ping_status":"closed","sticky":false,"template":"","format":"standard","meta":{"footnotes":""},"categories":[3],"tags":[],"class_list":["post-32994","post","type-post","status-publish","format-standard","has-post-thumbnail","hentry","category-vaticano"],"_links":{"self":[{"href":"https:\/\/catolicanet.net\/wp-cnet\/wp-json\/wp\/v2\/posts\/32994","targetHints":{"allow":["GET"]}}],"collection":[{"href":"https:\/\/catolicanet.net\/wp-cnet\/wp-json\/wp\/v2\/posts"}],"about":[{"href":"https:\/\/catolicanet.net\/wp-cnet\/wp-json\/wp\/v2\/types\/post"}],"author":[{"embeddable":true,"href":"https:\/\/catolicanet.net\/wp-cnet\/wp-json\/wp\/v2\/users\/1"}],"replies":[{"embeddable":true,"href":"https:\/\/catolicanet.net\/wp-cnet\/wp-json\/wp\/v2\/comments?post=32994"}],"version-history":[{"count":2,"href":"https:\/\/catolicanet.net\/wp-cnet\/wp-json\/wp\/v2\/posts\/32994\/revisions"}],"predecessor-version":[{"id":32997,"href":"https:\/\/catolicanet.net\/wp-cnet\/wp-json\/wp\/v2\/posts\/32994\/revisions\/32997"}],"wp:featuredmedia":[{"embeddable":true,"href":"https:\/\/catolicanet.net\/wp-cnet\/wp-json\/wp\/v2\/media\/32995"}],"wp:attachment":[{"href":"https:\/\/catolicanet.net\/wp-cnet\/wp-json\/wp\/v2\/media?parent=32994"}],"wp:term":[{"taxonomy":"category","embeddable":true,"href":"https:\/\/catolicanet.net\/wp-cnet\/wp-json\/wp\/v2\/categories?post=32994"},{"taxonomy":"post_tag","embeddable":true,"href":"https:\/\/catolicanet.net\/wp-cnet\/wp-json\/wp\/v2\/tags?post=32994"}],"curies":[{"name":"wp","href":"https:\/\/api.w.org\/{rel}","templated":true}]}}