{"id":32990,"date":"2017-07-13T15:48:59","date_gmt":"2017-07-13T18:48:59","guid":{"rendered":"http:\/\/catolicanet.net\/wp-cnet\/?p=32990"},"modified":"2017-07-17T11:29:02","modified_gmt":"2017-07-17T14:29:02","slug":"alagoas-igreja-de-atalaia-esta-interditada-por-desmoronamento-de-torre","status":"publish","type":"post","link":"https:\/\/catolicanet.net\/wp-cnet\/alagoas-igreja-de-atalaia-esta-interditada-por-desmoronamento-de-torre\/","title":{"rendered":"Alagoas: igreja de Atalaia est\u00e1 interditada por desmoronamento de torre"},"content":{"rendered":"<p style=\"text-align: justify;\">Atalaia (RV) \u2013 Uma igreja centen\u00e1ria no interior de Alagoas est\u00e1 temporariamente fechada. Na semana passada, uma das torres da Igreja Nossa Senhora da Concei\u00e7\u00e3o, na cidade de Atalaia, desabou ap\u00f3s a estrutura ter ficado danificada por causa das fortes chuvas que atingiram a cidade. Segundo o Pe. Manoel Francelino, p\u00e1roco local h\u00e1 cinco anos, a comunidade n\u00e3o estava mais frequentando o local por causa do comprometimento do edif\u00edcio.<\/p>\n<p>O coordenador regional da Defesa Civil, Massilon Mendes, explica que houve uma movimenta\u00e7\u00e3o de massas que acarretou o desmoronamento. &#8220;Como \u00e9 uma regi\u00e3o canavieira, muitos engenheiros usavam o mel como aditivo para a argamassa de ligamento dos blocos, do tijolo batido, como a gente chama. Como a infiltra\u00e7\u00e3o foi muito grande, houve uma movimenta\u00e7\u00e3o de massas e o desmoronamento da torre, que agora est\u00e1 na imin\u00eancia da outra parte cair\u201d, diz Mendes.<\/p>\n<p>A Defesa Civil, para evitar acidentes visto que a estrutura do pr\u00e9dio ainda apresentava riscos, interditou o local. A imagem barroca da padroeira, o sino e tudo que havia na igreja foram levados para a casa paroquial at\u00e9 a reabertura do local.<\/p>\n<p>As missas est\u00e3o sendo realizadas no sal\u00e3o paroquial e no Centro Social Atalaiense, que fica pr\u00f3ximo \u00e0 igreja. O Pe. Manoel j\u00e1 mobiliza a comunidade para uma campanha em prol da reforma da Matriz e quem puder ajudar pode entrar em contato com a C\u00faria Metropolitana atrav\u00e9s dos telefones (82) 3021 4001 e 3223 2732.<\/p>\n<p style=\"text-align: justify;\">Fonte: R\u00e1dio Vaticano<\/p>\n","protected":false},"excerpt":{"rendered":"<p>Atalaia (RV) \u2013 Uma igreja centen\u00e1ria no interior de Alagoas est\u00e1 temporariamente fechada. Na semana passada, uma das torres da Igreja Nossa Senhora da Concei\u00e7\u00e3o, na cidade de Atalaia, desabou ap\u00f3s a estrutura ter ficado danificada por causa das fortes chuvas que atingiram a cidade. Segundo o Pe. Manoel Francelino, p\u00e1roco local h\u00e1 cinco anos, [&hellip;]<\/p>\n","protected":false},"author":1,"featured_media":32991,"comment_status":"open","ping_status":"closed","sticky":false,"template":"","format":"standard","meta":{"footnotes":""},"categories":[3],"tags":[],"class_list":["post-32990","post","type-post","status-publish","format-standard","has-post-thumbnail","hentry","category-vaticano"],"_links":{"self":[{"href":"https:\/\/catolicanet.net\/wp-cnet\/wp-json\/wp\/v2\/posts\/32990","targetHints":{"allow":["GET"]}}],"collection":[{"href":"https:\/\/catolicanet.net\/wp-cnet\/wp-json\/wp\/v2\/posts"}],"about":[{"href":"https:\/\/catolicanet.net\/wp-cnet\/wp-json\/wp\/v2\/types\/post"}],"author":[{"embeddable":true,"href":"https:\/\/catolicanet.net\/wp-cnet\/wp-json\/wp\/v2\/users\/1"}],"replies":[{"embeddable":true,"href":"https:\/\/catolicanet.net\/wp-cnet\/wp-json\/wp\/v2\/comments?post=32990"}],"version-history":[{"count":2,"href":"https:\/\/catolicanet.net\/wp-cnet\/wp-json\/wp\/v2\/posts\/32990\/revisions"}],"predecessor-version":[{"id":32993,"href":"https:\/\/catolicanet.net\/wp-cnet\/wp-json\/wp\/v2\/posts\/32990\/revisions\/32993"}],"wp:featuredmedia":[{"embeddable":true,"href":"https:\/\/catolicanet.net\/wp-cnet\/wp-json\/wp\/v2\/media\/32991"}],"wp:attachment":[{"href":"https:\/\/catolicanet.net\/wp-cnet\/wp-json\/wp\/v2\/media?parent=32990"}],"wp:term":[{"taxonomy":"category","embeddable":true,"href":"https:\/\/catolicanet.net\/wp-cnet\/wp-json\/wp\/v2\/categories?post=32990"},{"taxonomy":"post_tag","embeddable":true,"href":"https:\/\/catolicanet.net\/wp-cnet\/wp-json\/wp\/v2\/tags?post=32990"}],"curies":[{"name":"wp","href":"https:\/\/api.w.org\/{rel}","templated":true}]}}