{"id":32958,"date":"2017-07-13T08:56:52","date_gmt":"2017-07-13T11:56:52","guid":{"rendered":"http:\/\/catolicanet.net\/wp-cnet\/?p=32958"},"modified":"2017-07-17T09:36:31","modified_gmt":"2017-07-17T12:36:31","slug":"encontro-com-dom-paulo-romao","status":"publish","type":"post","link":"https:\/\/catolicanet.net\/wp-cnet\/encontro-com-dom-paulo-romao\/","title":{"rendered":"Encontro com Dom Paulo Rom\u00e3o"},"content":{"rendered":"<p style=\"text-align: justify;\">&#8220;Adolesc\u00eancia \u00e9 fase dif\u00edcil, mas n\u00e3o \u00e9 uma doen\u00e7a!&#8221;<\/p>\n<p style=\"text-align: justify;\">\u201cN\u00e3o se vive juntos para ser cada vez menos feliz, mas para aprender a ser feliz de maneira nova (&#8230;). Parece-me importante viver a educa\u00e7\u00e3o dos filhos a partir desta perspectiva\u201d, disse o Papa.<\/p>\n<p>Dom Paulo Alves Rom\u00e3o, Bispo auxiliar do Rio de Janeiro, aprofundar\u00e1 o belo discurso do Papa Francisco, na abertura do Congresso Pastoral da Diocese de Roma (em 19\/06\/2017 na Bas\u00edlica de S\u00e3o Jo\u00e3o de Latr\u00e3o).<\/p>\n<p>Data: 21\/07\/2017 (sexta-feira)<br \/>\nHor\u00e1rio: 19h:30min.<br \/>\nLocal: Capela Nossa Senhora das Gra\u00e7as \u2013 no Col\u00e9gio Militar RJ<br \/>\nRua S\u00e3o Francisco Xavier, 267 \u2013 Tijuca<br \/>\nEntrada Franca.<\/p>\n<p>(Importante: por determina\u00e7\u00e3o do col\u00e9gio, n\u00e3o \u00e9 permitido trajar bermuda, Short, Cal\u00e7a Cors\u00e1rio, Chinelo de Dedos, Camisa sem manga, Roupas transparentes)<\/p>\n<p>Maiores informa\u00e7\u00f5es pelo e-mail:\u00a0<a href=\"mailto:secretariarj@cl.org.br\">secretariarj@cl.org.br<\/a><\/p>\n<p><img decoding=\"async\" class=\"aligncenter\" src=\"http:\/\/www.catolicanet.com.br\/images\/stories\/noticias2017\/encontro%20com%20dom%20paulo.jpg\" \/><br \/>\nRealiza\u00e7\u00e3o: Movimento Cat\u00f3lico Comunh\u00e3o e Liberta\u00e7\u00e3o<\/p>\n<p>Fonte: Walter Vasconcelos<\/p>\n","protected":false},"excerpt":{"rendered":"<p>&#8220;Adolesc\u00eancia \u00e9 fase dif\u00edcil, mas n\u00e3o \u00e9 uma doen\u00e7a!&#8221; \u201cN\u00e3o se vive juntos para ser cada vez menos feliz, mas para aprender a ser feliz de maneira nova (&#8230;). Parece-me importante viver a educa\u00e7\u00e3o dos filhos a partir desta perspectiva\u201d, disse o Papa. Dom Paulo Alves Rom\u00e3o, Bispo auxiliar do Rio de Janeiro, aprofundar\u00e1 o [&hellip;]<\/p>\n","protected":false},"author":1,"featured_media":32959,"comment_status":"open","ping_status":"closed","sticky":false,"template":"","format":"standard","meta":{"footnotes":""},"categories":[4],"tags":[],"class_list":["post-32958","post","type-post","status-publish","format-standard","has-post-thumbnail","hentry","category-cotidiano"],"_links":{"self":[{"href":"https:\/\/catolicanet.net\/wp-cnet\/wp-json\/wp\/v2\/posts\/32958","targetHints":{"allow":["GET"]}}],"collection":[{"href":"https:\/\/catolicanet.net\/wp-cnet\/wp-json\/wp\/v2\/posts"}],"about":[{"href":"https:\/\/catolicanet.net\/wp-cnet\/wp-json\/wp\/v2\/types\/post"}],"author":[{"embeddable":true,"href":"https:\/\/catolicanet.net\/wp-cnet\/wp-json\/wp\/v2\/users\/1"}],"replies":[{"embeddable":true,"href":"https:\/\/catolicanet.net\/wp-cnet\/wp-json\/wp\/v2\/comments?post=32958"}],"version-history":[{"count":2,"href":"https:\/\/catolicanet.net\/wp-cnet\/wp-json\/wp\/v2\/posts\/32958\/revisions"}],"predecessor-version":[{"id":32961,"href":"https:\/\/catolicanet.net\/wp-cnet\/wp-json\/wp\/v2\/posts\/32958\/revisions\/32961"}],"wp:featuredmedia":[{"embeddable":true,"href":"https:\/\/catolicanet.net\/wp-cnet\/wp-json\/wp\/v2\/media\/32959"}],"wp:attachment":[{"href":"https:\/\/catolicanet.net\/wp-cnet\/wp-json\/wp\/v2\/media?parent=32958"}],"wp:term":[{"taxonomy":"category","embeddable":true,"href":"https:\/\/catolicanet.net\/wp-cnet\/wp-json\/wp\/v2\/categories?post=32958"},{"taxonomy":"post_tag","embeddable":true,"href":"https:\/\/catolicanet.net\/wp-cnet\/wp-json\/wp\/v2\/tags?post=32958"}],"curies":[{"name":"wp","href":"https:\/\/api.w.org\/{rel}","templated":true}]}}