{"id":32899,"date":"2017-07-12T10:29:33","date_gmt":"2017-07-12T13:29:33","guid":{"rendered":"http:\/\/catolicanet.net\/wp-cnet\/?p=32899"},"modified":"2017-07-12T15:37:21","modified_gmt":"2017-07-12T18:37:21","slug":"papa-catequista-nao-e-profissao-mas-vocacao-2","status":"publish","type":"post","link":"https:\/\/catolicanet.net\/wp-cnet\/papa-catequista-nao-e-profissao-mas-vocacao-2\/","title":{"rendered":"Papa: catequista n\u00e3o \u00e9 profiss\u00e3o, mas voca\u00e7\u00e3o"},"content":{"rendered":"<p style=\"text-align: justify;\">Cidade do Vaticano (RV) \u2013 Ser catequista n\u00e3o \u00e9 uma profiss\u00e3o, mas uma voca\u00e7\u00e3o: \u00e9 o que afirma o Papa Francisco na mensagem enviada aos participantes do Simp\u00f3sio\u00a0 Internacional sobre Catequese, em andamento na Faculdade de Teologia da Pontif\u00edcia Universidade Cat\u00f3lica Argentina (UCA), em Buenos Aires.<\/p>\n<p style=\"text-align: justify;\"><a href=\"http:\/\/media02.radiovaticana.va\/audio\/audio2\/mp3\/00588830.mp3\">Clique aqui para ouvir:<\/a><\/p>\n<p style=\"text-align: justify;\">No texto, o Pont\u00edfice cita um di\u00e1logo de S\u00e3o Francisco de Assis com um de seus seguidores, que queria aprender a pregar. O santo lhe diz: Quando visitamos os enfermos, ajudamos as crian\u00e7as e damos de comer aos pobres j\u00e1 estamos pregando. \u201cNesta li\u00e7\u00e3o, est\u00e1 contida a voca\u00e7\u00e3o e a tarefa do catequista\u201d, escreve o Papa.<\/p>\n<p>Ser catequista<\/p>\n<p>Em primero lugar, a catequese n\u00e3o \u00e9 um trabalho ou uma tarefa externa \u00e0 pessoa do catequista, mas se \u201c\u00e9\u201d catequista e toda a vida gira em torno desta miss\u00e3o. De fato, \u201cser\u201d catequista \u00e9 uma voca\u00e7\u00e3o de servi\u00e7o na Igreja, que se recebeu como dom do Senhor para ser transmitido aos demais. Por isso, o catequista deve constantemente regressar \u00e0quele primeiro an\u00fancio ou \u201ckerygma\u201d, que \u00e9 o dom que transformou a pr\u00f3pria vida. Para Francisco, este an\u00fancio deve acompanhar a f\u00e9 que j\u00e1 est\u00e1 presente na religiosidade do povo.<\/p>\n<p>Com Cristo<\/p>\n<p>O catequista, acrescentou o Papa, caminha a partir de Cristo e com Ele, n\u00e3o \u00e9 uma pessoa que parte de suas pr\u00f3prias ideias e gostos, mas se deixa olhar por Ele, porque \u00e9 este olhar que faz arder o cora\u00e7\u00e3o. Quanto mais Jesus toma o centro da nossa vida, mais nos impulsiona a sair de n\u00f3s mesmos, nos descentraliza e nos faz mais pr\u00f3ximos dos outros.<\/p>\n<p>Catequese \u201cmistag\u00f3gica\u201d<\/p>\n<p>O Papa compara este dinamismo do amor com os movimentos card\u00edacos: s\u00edstole e di\u00e1stole, se concentra para se encontrar com o Senhor e imediatamente se abre para pregar Jesus. O exemplo fez do pr\u00f3prio Jesus, que se retirava para rezar ao Pai e logo sa\u00eda ao encontro das pessoas sedentas de Deus. Daqui nasce a import\u00e2ncia da catequese \u201cmistag\u00f3gica\u201d, que \u00e9 o encontro constante com a Palavra e os sacramentos e n\u00e3o algo meramente ocasional.<\/p>\n<p>Criatividade<\/p>\n<p>E na hora de pregar, Francisco pede que os catequistas sejam criativos, buscando diferentes meios e formas para anunciar a Cristo. \u201cOs meios podem ser diferentes, mas o importante \u00e9 ter presente o estilo de Jesus, que se adaptava \u00e0s pessoas que tinha a sua frente. \u00c9 preciso saber mudar, adaptar-se, para que a mensagem seja mais pr\u00f3xima, mesmo quando \u00e9 sempre a mesma, porque Deus n\u00e3o muda, mas renova todas as coisas Nele.<\/p>\n<p>O Papa conclui agradecendo a todos os catequistas pelo que fazem, mas sobretudo porque caminham com o Povo de Deus. \u201cEu os encorajo a serem alegres mensageiros, cust\u00f3dios do bem e da beleza que resplandecem na vida fiel do disc\u00edpulo mission\u00e1rio.\u201d<\/p>\n<p>O Simp\u00f3sio Internacional sobre Catequese teve in\u00edcio no dia 11 de julho e prossegue at\u00e9 o dia 14. O encontro tem como tema &#8220;Bem-aventurados os que creem\u201d, e entre os conferencistas est\u00e3o o Arcebispo\u00a0 Luis Francisco Ladaria sj, prefeito da Congrega\u00e7\u00e3o para a Doutrina da F\u00e9 e Mons. Jos\u00e9 Ruiz Arenas, Secret\u00e1rio do Pontif\u00edcio Conselho para a Promo\u00e7\u00e3o da Nova Evangeliza\u00e7\u00e3o.<\/p>\n<p style=\"text-align: justify;\">\n<p style=\"text-align: justify;\">Fonte: R\u00e1dio Vaticano<\/p>\n","protected":false},"excerpt":{"rendered":"<p>Cidade do Vaticano (RV) \u2013 Ser catequista n\u00e3o \u00e9 uma profiss\u00e3o, mas uma voca\u00e7\u00e3o: \u00e9 o que afirma o Papa Francisco na mensagem enviada aos participantes do Simp\u00f3sio\u00a0 Internacional sobre Catequese, em andamento na Faculdade de Teologia da Pontif\u00edcia Universidade Cat\u00f3lica Argentina (UCA), em Buenos Aires. Clique aqui para ouvir: No texto, o Pont\u00edfice cita [&hellip;]<\/p>\n","protected":false},"author":1,"featured_media":32862,"comment_status":"open","ping_status":"closed","sticky":false,"template":"","format":"standard","meta":{"footnotes":""},"categories":[3],"tags":[],"class_list":["post-32899","post","type-post","status-publish","format-standard","has-post-thumbnail","hentry","category-vaticano"],"_links":{"self":[{"href":"https:\/\/catolicanet.net\/wp-cnet\/wp-json\/wp\/v2\/posts\/32899","targetHints":{"allow":["GET"]}}],"collection":[{"href":"https:\/\/catolicanet.net\/wp-cnet\/wp-json\/wp\/v2\/posts"}],"about":[{"href":"https:\/\/catolicanet.net\/wp-cnet\/wp-json\/wp\/v2\/types\/post"}],"author":[{"embeddable":true,"href":"https:\/\/catolicanet.net\/wp-cnet\/wp-json\/wp\/v2\/users\/1"}],"replies":[{"embeddable":true,"href":"https:\/\/catolicanet.net\/wp-cnet\/wp-json\/wp\/v2\/comments?post=32899"}],"version-history":[{"count":1,"href":"https:\/\/catolicanet.net\/wp-cnet\/wp-json\/wp\/v2\/posts\/32899\/revisions"}],"predecessor-version":[{"id":32900,"href":"https:\/\/catolicanet.net\/wp-cnet\/wp-json\/wp\/v2\/posts\/32899\/revisions\/32900"}],"wp:featuredmedia":[{"embeddable":true,"href":"https:\/\/catolicanet.net\/wp-cnet\/wp-json\/wp\/v2\/media\/32862"}],"wp:attachment":[{"href":"https:\/\/catolicanet.net\/wp-cnet\/wp-json\/wp\/v2\/media?parent=32899"}],"wp:term":[{"taxonomy":"category","embeddable":true,"href":"https:\/\/catolicanet.net\/wp-cnet\/wp-json\/wp\/v2\/categories?post=32899"},{"taxonomy":"post_tag","embeddable":true,"href":"https:\/\/catolicanet.net\/wp-cnet\/wp-json\/wp\/v2\/tags?post=32899"}],"curies":[{"name":"wp","href":"https:\/\/api.w.org\/{rel}","templated":true}]}}