{"id":32890,"date":"2017-07-12T13:59:23","date_gmt":"2017-07-12T16:59:23","guid":{"rendered":"http:\/\/catolicanet.net\/wp-cnet\/?p=32890"},"modified":"2017-07-12T15:23:17","modified_gmt":"2017-07-12T18:23:17","slug":"arcebispo-argentino-agradece-por-oracoes-apos-acidente-de-carro","status":"publish","type":"post","link":"https:\/\/catolicanet.net\/wp-cnet\/arcebispo-argentino-agradece-por-oracoes-apos-acidente-de-carro\/","title":{"rendered":"Arcebispo argentino agradece por ora\u00e7\u00f5es ap\u00f3s acidente de carro"},"content":{"rendered":"<p style=\"text-align: justify;\">BUENOS AIRES, 12 Jul. 17 \/ 01:00 pm (ACI).- O Arcebispo de San Juan de Cuyo, na Argentina, Dom Jorge Lozano, agradeceu pela preocupa\u00e7\u00e3o e pelas ora\u00e7\u00f5es da comunidade e manifestou que ele e seu irm\u00e3o j\u00e1 receberam alta, depois de sofrerem um acidente de carro em 10 de julho.<\/p>\n<p>Por volta das 14h (hora local), em 10 de julho, o carro no qual viajavam Dom Lozano e seu irm\u00e3o capotou \u00e0 altura do quil\u00f4metro 153 da Rota Nacional 150, perto de San Jos\u00e9 de J\u00e1chal. Ambos ficaram levemente feridos.<\/p>\n<p>Depois do acidente, ambos foram internados no Hospital San Roque de J\u00e1chal e depois foram transferidos de helic\u00f3ptero para o Hospital Rawson, em San Juan de Cuyo.<\/p>\n<p>Atrav\u00e9s de um comunicado, a Diocese de San Juan de Cuyo transmitiu as palavras de tranquilidade de Dom Lozano e explicou que se tratou de um \u201cdeslizamento do seu ve\u00edculo e que agradece pelas ora\u00e7\u00f5es elevadas ao c\u00e9u\u201d.<\/p>\n<p>Na segunda-feira \u00e0 noite, Dom Lozano enviou um \u00e1udio para manifestar o seu agradecimento pelos \u201cgestos de carinho, pelas sauda\u00e7\u00f5es e ora\u00e7\u00f5es. Estamos terminando de fazer alguns exames\u201d.<\/p>\n<p>\u201cFelizmente n\u00e3o houve outro ve\u00edculo envolvido, por isso estamos em paz, tranquilos, terminando de fazer estes exames. Dou-lhes o meu carinho e a minha b\u00ean\u00e7\u00e3o\u201d, disse.<\/p>\n<p>Depois de receber alta, Dom Lozano enviou uma v\u00eddeo-mensagem na qual agradeceu novamente pela preocupa\u00e7\u00e3o e proximidade da comunidade nesses momentos e explicou que os m\u00e9dicos j\u00e1 lhes deram alta.<\/p>\n<p>Al\u00e9m disso, confirmou que tanto ele como o seu irm\u00e3o estavam em observa\u00e7\u00e3o e fizeram alguns exames. Precisou tamb\u00e9m que os m\u00e9dicos recomendaram alguns dias de descanso para logo \u201cretomar paulatinamente a agenda cotidiana\u201d.<\/p>\n<p style=\"text-align: justify;\">\n<p style=\"text-align: justify;\">Fonte: Acidigital<\/p>\n","protected":false},"excerpt":{"rendered":"<p>BUENOS AIRES, 12 Jul. 17 \/ 01:00 pm (ACI).- O Arcebispo de San Juan de Cuyo, na Argentina, Dom Jorge Lozano, agradeceu pela preocupa\u00e7\u00e3o e pelas ora\u00e7\u00f5es da comunidade e manifestou que ele e seu irm\u00e3o j\u00e1 receberam alta, depois de sofrerem um acidente de carro em 10 de julho. Por volta das 14h (hora [&hellip;]<\/p>\n","protected":false},"author":1,"featured_media":32891,"comment_status":"open","ping_status":"closed","sticky":false,"template":"","format":"standard","meta":{"footnotes":""},"categories":[4],"tags":[],"class_list":["post-32890","post","type-post","status-publish","format-standard","has-post-thumbnail","hentry","category-cotidiano"],"_links":{"self":[{"href":"https:\/\/catolicanet.net\/wp-cnet\/wp-json\/wp\/v2\/posts\/32890","targetHints":{"allow":["GET"]}}],"collection":[{"href":"https:\/\/catolicanet.net\/wp-cnet\/wp-json\/wp\/v2\/posts"}],"about":[{"href":"https:\/\/catolicanet.net\/wp-cnet\/wp-json\/wp\/v2\/types\/post"}],"author":[{"embeddable":true,"href":"https:\/\/catolicanet.net\/wp-cnet\/wp-json\/wp\/v2\/users\/1"}],"replies":[{"embeddable":true,"href":"https:\/\/catolicanet.net\/wp-cnet\/wp-json\/wp\/v2\/comments?post=32890"}],"version-history":[{"count":1,"href":"https:\/\/catolicanet.net\/wp-cnet\/wp-json\/wp\/v2\/posts\/32890\/revisions"}],"predecessor-version":[{"id":32892,"href":"https:\/\/catolicanet.net\/wp-cnet\/wp-json\/wp\/v2\/posts\/32890\/revisions\/32892"}],"wp:featuredmedia":[{"embeddable":true,"href":"https:\/\/catolicanet.net\/wp-cnet\/wp-json\/wp\/v2\/media\/32891"}],"wp:attachment":[{"href":"https:\/\/catolicanet.net\/wp-cnet\/wp-json\/wp\/v2\/media?parent=32890"}],"wp:term":[{"taxonomy":"category","embeddable":true,"href":"https:\/\/catolicanet.net\/wp-cnet\/wp-json\/wp\/v2\/categories?post=32890"},{"taxonomy":"post_tag","embeddable":true,"href":"https:\/\/catolicanet.net\/wp-cnet\/wp-json\/wp\/v2\/tags?post=32890"}],"curies":[{"name":"wp","href":"https:\/\/api.w.org\/{rel}","templated":true}]}}