{"id":3289,"date":"2013-11-01T12:38:34","date_gmt":"2013-11-01T14:38:34","guid":{"rendered":"http:\/\/catolicanet.net\/wp-cnet\/papa-no-angelus-qser-santo-e-uma-vocacao-para-todosq\/"},"modified":"2017-03-23T11:56:25","modified_gmt":"2017-03-23T14:56:25","slug":"papa-no-angelus-qser-santo-e-uma-vocacao-para-todosq","status":"publish","type":"post","link":"https:\/\/catolicanet.net\/wp-cnet\/papa-no-angelus-qser-santo-e-uma-vocacao-para-todosq\/","title":{"rendered":"Papa no Angelus: &#8220;Ser santo \u00e9 uma voca\u00e7\u00e3o para todos&#8221;"},"content":{"rendered":"<p style=\"text-align: justify;\">O Papa Francisco rezou a ora\u00e7\u00e3o mariana do Angelus, esta sexta-feira, 1\u00b0 de novembro, Solenidade de Todos os Santos, da janela da resid\u00eancia pontif\u00edcia, no Vaticano. No Brasil, a festa ser\u00e1 celebrada pela Igreja no pr\u00f3ximo domingo, dia 3.<\/p>\n<p>&#8220;A festa de Todos os Santos, que hoje celebramos, nos lembra que o objetivo da nossa exist\u00eancia n\u00e3o \u00e9 a morte, mas o Para\u00edso. Os Santos, amigos de Deus, nos asseguram que esta promessa n\u00e3o decepciona. Em sua exist\u00eancia terrena, eles viveram em profunda comunh\u00e3o com Deus, tornando-se semelhantes a Ele. No rosto dos irm\u00e3os humildes e desprezados eles viram o rosto de Deus, e agora o contemplam face a face em sua beleza gloriosa&#8221;, disse Francisco.<\/p>\n<p>&#8220;Os Santos n\u00e3o s\u00e3o super-homens e nem nasceram perfeitos. S\u00e3o pessoas que antes de chegar \u00e0 gl\u00f3ria do c\u00e9u viveram uma vida normal, com alegrias e tristezas, fatigas e esperan\u00e7as, mas quando conheceram o amor de Deus, o seguiram de cora\u00e7\u00e3o, sem nenhuma condi\u00e7\u00e3o ou hipocrisia&#8221;, disse ainda o Santo Padre, acrescentando:<\/p>\n<p>&#8220;Eles dedicaram suas vidas a servi\u00e7o dos outros, suportaram sofrimentos e adversidades sem odiar e respondendo ao mal com o bem, difundindo alegria e paz. Os santos nunca odiaram. O amor \u00e9 de Deus, mas o \u00f3dio vem de quem? Vem do diabo. Os santos se distanciaram do diabo. Os Santos s\u00e3o homens e mulheres que t\u00eam alegria no cora\u00e7\u00e3o e a transmitem aos outros. N\u00e3o devemos odiar os outros, mas servir aos outros, os necessitados, rezar e se alegrar: este \u00e9 o caminho da santidade.&#8221;<\/p>\n<p>O Papa destacou ainda que &#8220;ser santos n\u00e3o \u00e9 um privil\u00e9gio de poucos, como se algu\u00e9m recebesse uma grande heran\u00e7a. Todos n\u00f3s recebemos a heran\u00e7a de nos tornarmos Santos no Batismo. Ser santo \u00e9 uma voca\u00e7\u00e3o para todos. Todos n\u00f3s somos chamados a percorrer o caminho da santidade e o caminho que leva \u00e0 santidade tem um nome e um rosto: Jesus Cristo. No Evangelho, Ele nos mostra a estrada das Bem-Aventuran\u00e7as&#8221;.<\/p>\n<p>O Santo Padre frisou que &#8220;o Reino dos C\u00e9us \u00e9 para aqueles que n\u00e3o depositam sua confian\u00e7a nas coisas, mas no amor de Deus; \u00e9 para aqueles que t\u00eam um cora\u00e7\u00e3o simples, humilde, que n\u00e3o presumem ser justos e n\u00e3o julgam os outros. Essas pessoas sabem sofrer com os que sofrem e se alegrar com os que se alegram. N\u00e3o s\u00e3o violentos, mas misericordiosos e buscam ser art\u00edfices da reconcilia\u00e7\u00e3o e paz&#8221;.<\/p>\n<p>Com o seu testemunho os Santos nos encorajam a n\u00e3o ter medo de caminhar contracorrente ou ser mal-entendidos e ridicularizados quando falamos de Cristo e do Evangelho. &#8220;Eles nos mostram com sua vida que aquele que permanece fiel a Deus e \u00e0 sua Palavra experimenta j\u00e1 nessa terra o conforto de seu amor e o c\u00eantuplo da eternidade. Isso \u00e9 o que esperamos e pedimos ao Senhor para os nossos irm\u00e3os e irm\u00e3s falecidos&#8221;, concluiu o Papa Francisco.<\/p>\n<p style=\"text-align: justify;\">\u00a0<\/p>\n<p style=\"text-align: justify;\"><strong>Local: Cidade do Vaticano<br \/>Fonte: R\u00e1dio Vaticano<\/strong><\/p>\n","protected":false},"excerpt":{"rendered":"<p>O Papa Francisco rezou a ora\u00e7\u00e3o mariana do Angelus, esta sexta-feira, 1\u00b0 de novembro, Solenidade de Todos os Santos, da janela da resid\u00eancia pontif\u00edcia, no Vaticano. No Brasil, a festa ser\u00e1 celebrada pela Igreja no pr\u00f3ximo domingo, dia 3. &#8220;A festa de Todos os Santos, que hoje celebramos, nos lembra que o objetivo da nossa [&hellip;]<\/p>\n","protected":false},"author":1,"featured_media":0,"comment_status":"closed","ping_status":"closed","sticky":false,"template":"","format":"standard","meta":{"footnotes":""},"categories":[3],"tags":[],"class_list":["post-3289","post","type-post","status-publish","format-standard","hentry","category-vaticano"],"_links":{"self":[{"href":"https:\/\/catolicanet.net\/wp-cnet\/wp-json\/wp\/v2\/posts\/3289","targetHints":{"allow":["GET"]}}],"collection":[{"href":"https:\/\/catolicanet.net\/wp-cnet\/wp-json\/wp\/v2\/posts"}],"about":[{"href":"https:\/\/catolicanet.net\/wp-cnet\/wp-json\/wp\/v2\/types\/post"}],"author":[{"embeddable":true,"href":"https:\/\/catolicanet.net\/wp-cnet\/wp-json\/wp\/v2\/users\/1"}],"replies":[{"embeddable":true,"href":"https:\/\/catolicanet.net\/wp-cnet\/wp-json\/wp\/v2\/comments?post=3289"}],"version-history":[{"count":1,"href":"https:\/\/catolicanet.net\/wp-cnet\/wp-json\/wp\/v2\/posts\/3289\/revisions"}],"predecessor-version":[{"id":7571,"href":"https:\/\/catolicanet.net\/wp-cnet\/wp-json\/wp\/v2\/posts\/3289\/revisions\/7571"}],"wp:attachment":[{"href":"https:\/\/catolicanet.net\/wp-cnet\/wp-json\/wp\/v2\/media?parent=3289"}],"wp:term":[{"taxonomy":"category","embeddable":true,"href":"https:\/\/catolicanet.net\/wp-cnet\/wp-json\/wp\/v2\/categories?post=3289"},{"taxonomy":"post_tag","embeddable":true,"href":"https:\/\/catolicanet.net\/wp-cnet\/wp-json\/wp\/v2\/tags?post=3289"}],"curies":[{"name":"wp","href":"https:\/\/api.w.org\/{rel}","templated":true}]}}