{"id":32864,"date":"2017-07-12T10:42:35","date_gmt":"2017-07-12T13:42:35","guid":{"rendered":"http:\/\/catolicanet.net\/wp-cnet\/?p=32864"},"modified":"2017-07-12T14:21:06","modified_gmt":"2017-07-12T17:21:06","slug":"oferta-da-vida-nova-via-de-santidade","status":"publish","type":"post","link":"https:\/\/catolicanet.net\/wp-cnet\/oferta-da-vida-nova-via-de-santidade\/","title":{"rendered":"Oferta da vida: nova via de santidade"},"content":{"rendered":"<p style=\"text-align: justify;\">Cidade do Vaticano (RV) \u2013 Foi publicado esta ter\u00e7a-feira (11\/07) o Motu Proprio do Papa Francisco \u201cMaiorem hac dilectionem\u201d sobre a oferta da vida nas causas dos santos.<\/p>\n<p style=\"text-align: justify;\"><a href=\"http:\/\/media02.radiovaticana.va\/audio\/audio2\/mp3\/00588675.mp3\">Clique aqui para ouvir:<\/a><\/p>\n<p style=\"text-align: justify;\">Com o documento, o Pont\u00edfice abre o caminho \u00e0 beatifica\u00e7\u00e3o daqueles fi\u00e9is que, impulsionados pela caridade, ofereceram heroicamente a pr\u00f3pria vida pelo pr\u00f3ximo, aceitando livre e voluntariamente uma morte certa e prematura com o intuito de seguir Jesus.<\/p>\n<p>Um nova via de santidade<\/p>\n<p>H\u00e1 s\u00e9culos, as normas da Igreja Cat\u00f3lica preveem que se possa proceder \u00e0 beatifica\u00e7\u00e3o de um Servo de Deus percorrendo uma dessas tr\u00eas vias: o mart\u00edrio (suprema imita\u00e7\u00e3o de Cristo com morte violenta), as virtudes heroicas (a viv\u00eancia acima do comum e constante no tempo das virtudes teologais), e os casos excepcionais (conhecida como equipolente).<\/p>\n<p>Essas tr\u00eas vias, todavia, resultavam insuficientes para interpretar todos os casos poss\u00edveis de santidade canoniz\u00e1vel. De fato, ultimamente, a Congrega\u00e7\u00e3o das Causas dos Santos colocou-se a quest\u00e3o \u201cse os Servos de Deus que, inspirados pelo exemplo de Cristo, tenham livre e voluntariamente oferecido e imolado a pr\u00f3pria vida pelos irm\u00e3os num supremo ato de caridade, que tenha sido diretamente causa de morte, n\u00e3o mere\u00e7am a beatifica\u00e7\u00e3o\u201d. Trata-se, portanto, de introduzir uma quarta via, que foi chamada \u201coferta da vida\u201d.<\/p>\n<p>Oferta da vida: entre mart\u00edrio e virtudes heroicas<\/p>\n<p>Embora tenha elementos que a assemelhem seja \u00e0 via do mart\u00edrio, seja \u00e0 via das virtudes heroicas, esta nova via pretende valorizar um tipo de testemunho crist\u00e3o heroico at\u00e9 agora sem um procedimento espec\u00edfico, justamente porque n\u00e3o se enquadra completamente nem na categoria do mart\u00edrio nem na categoria das virtudes heroicas. N\u00e3o \u00e9 mart\u00edrio porque n\u00e3o h\u00e1 um perseguidor e n\u00e3o \u00e9 virtude heroica porque n\u00e3o \u00e9 express\u00e3o de um exerc\u00edcio prolongado das virtudes. Para delimitar este aspecto, o Motu Proprio fala de \u201cmorte num per\u00edodo breve de tempo\u201d, o que n\u00e3o significa imediata, mas nem mesmo t\u00e3o longa a ponto de transformar o ato heroico em virtude heroica.<\/p>\n<p>A \u201coferta da vida\u201d at\u00e9 ent\u00e3o n\u00e3o constitu\u00eda uma categoria espec\u00edfica, mas, se comprovada, era incorporada ou como mart\u00edrio ou como virtudes heroicas \u2013 o que n\u00e3o fazia jus \u00e0 sua verdadeira natureza. H\u00e1 s\u00e9culos, a Igreja n\u00e3o exclui das honras dos altares os fi\u00e9is que deram a vida num extremo ato de caridade, como, por exemplo, morrer contagiado com a mesma doen\u00e7a do enfermo assistido.<\/p>\n<p>Crit\u00e9rios<\/p>\n<p>O documento pontif\u00edcio esclarece no artigo 2: \u201ca oferta da vida, para que seja v\u00e1lida e eficaz para a beatifica\u00e7\u00e3o de um Servo de Deus, deve responder aos seguintes crit\u00e9rios: a. oferta livre e volunt\u00e1ria da vida e heroica aceita\u00e7\u00e3o propter caritatem de uma morte certa e decorrida num breve per\u00edodo de tempo; b. nexo entre a oferta da vida e a morte prematura; c. exerc\u00edcio, pelo menos em grau ordin\u00e1rio, das virtudes crist\u00e3s antes da oferta da vida e, depois, at\u00e9 a morte; d. exist\u00eancia da fama de santidade pelo menos depois da morte; e. necessidade do milagre para a beatifica\u00e7\u00e3o, ocorrida depois da morte do Servo de Deus e por sua intercess\u00e3o\u201d.<\/p>\n<p>Enriquecimento<\/p>\n<p>Com este documento, a doutrina sobre a santidade crist\u00e3\u00a0 e o procedimento tradicional da Igreja para a beatifica\u00e7\u00e3o dos Servos de Deus n\u00e3o somente n\u00e3o s\u00e3o alterados, mas s\u00e3o enriquecidos de novos horizontes e oportunidades para a edifica\u00e7\u00e3o do povo de Deus, que nos seus Santos v\u00ea o rosto de Cristo, a presen\u00e7a de Deus na hist\u00f3ria e a exemplar atua\u00e7\u00e3o do Evangelho.<\/p>\n<p>O texto do Motu Proprio do Papa Francisco est\u00e1 dispon\u00edvel no momento em italiano e latim.<\/p>\n<p style=\"text-align: justify;\">\n<p style=\"text-align: justify;\">Fonte: R\u00e1dio Vaticano<\/p>\n","protected":false},"excerpt":{"rendered":"<p>Cidade do Vaticano (RV) \u2013 Foi publicado esta ter\u00e7a-feira (11\/07) o Motu Proprio do Papa Francisco \u201cMaiorem hac dilectionem\u201d sobre a oferta da vida nas causas dos santos. Clique aqui para ouvir: Com o documento, o Pont\u00edfice abre o caminho \u00e0 beatifica\u00e7\u00e3o daqueles fi\u00e9is que, impulsionados pela caridade, ofereceram heroicamente a pr\u00f3pria vida pelo pr\u00f3ximo, [&hellip;]<\/p>\n","protected":false},"author":1,"featured_media":32865,"comment_status":"open","ping_status":"closed","sticky":false,"template":"","format":"standard","meta":{"footnotes":""},"categories":[3],"tags":[],"class_list":["post-32864","post","type-post","status-publish","format-standard","has-post-thumbnail","hentry","category-vaticano"],"_links":{"self":[{"href":"https:\/\/catolicanet.net\/wp-cnet\/wp-json\/wp\/v2\/posts\/32864","targetHints":{"allow":["GET"]}}],"collection":[{"href":"https:\/\/catolicanet.net\/wp-cnet\/wp-json\/wp\/v2\/posts"}],"about":[{"href":"https:\/\/catolicanet.net\/wp-cnet\/wp-json\/wp\/v2\/types\/post"}],"author":[{"embeddable":true,"href":"https:\/\/catolicanet.net\/wp-cnet\/wp-json\/wp\/v2\/users\/1"}],"replies":[{"embeddable":true,"href":"https:\/\/catolicanet.net\/wp-cnet\/wp-json\/wp\/v2\/comments?post=32864"}],"version-history":[{"count":1,"href":"https:\/\/catolicanet.net\/wp-cnet\/wp-json\/wp\/v2\/posts\/32864\/revisions"}],"predecessor-version":[{"id":32866,"href":"https:\/\/catolicanet.net\/wp-cnet\/wp-json\/wp\/v2\/posts\/32864\/revisions\/32866"}],"wp:featuredmedia":[{"embeddable":true,"href":"https:\/\/catolicanet.net\/wp-cnet\/wp-json\/wp\/v2\/media\/32865"}],"wp:attachment":[{"href":"https:\/\/catolicanet.net\/wp-cnet\/wp-json\/wp\/v2\/media?parent=32864"}],"wp:term":[{"taxonomy":"category","embeddable":true,"href":"https:\/\/catolicanet.net\/wp-cnet\/wp-json\/wp\/v2\/categories?post=32864"},{"taxonomy":"post_tag","embeddable":true,"href":"https:\/\/catolicanet.net\/wp-cnet\/wp-json\/wp\/v2\/tags?post=32864"}],"curies":[{"name":"wp","href":"https:\/\/api.w.org\/{rel}","templated":true}]}}