{"id":3285,"date":"2013-11-01T11:41:47","date_gmt":"2013-11-01T13:41:47","guid":{"rendered":"http:\/\/catolicanet.net\/wp-cnet\/a-otica-de-deus\/"},"modified":"2017-03-23T11:49:15","modified_gmt":"2017-03-23T14:49:15","slug":"a-otica-de-deus","status":"publish","type":"post","link":"https:\/\/catolicanet.net\/wp-cnet\/a-otica-de-deus\/","title":{"rendered":"A \u00d3tica de Deus"},"content":{"rendered":"<p style=\"text-align: justify;\"><img decoding=\"async\" src=\"http:\/\/catolicanet.com.br\/images\/stories\/padreinacio1.jpg\" border=\"0\" align=\"left\" \/>Deus criou tudo para comunh\u00e3o. O sentido da vida est\u00e1 na conex\u00e3o de estar junto, no encontro, na comunh\u00e3o do amor. Solid\u00e3o, isolamento, divis\u00e3o, antipatia, \u00f3dio e contendas \u00e9 uma doen\u00e7a mental e espiritual.<br \/>Deus fez tudo para uni\u00e3o fraternal: Os anjos, o ser humano, os animais, a natureza e o Cosmo.<br \/>Exemplo maior de comunh\u00e3o \u00e9 a Sant\u00edssima Trindade.<\/p>\n<p style=\"text-align: center;\"><strong>A \u00d3tica do Diabo<\/strong><\/p>\n<p style=\"text-align: justify;\">Nem tudo que est\u00e1 junto est\u00e1 unido.<br \/>Nem tudo que est\u00e1 no conjunto est\u00e1 de acordo.<br \/>Nem tudo que est\u00e1 dentro est\u00e1 interno.<br \/>Nem tudo que est\u00e1 na multid\u00e3o est\u00e1 em comunh\u00e3o.<br \/>Nem toda profiss\u00e3o de f\u00e9 \u00e9 acredit\u00e1vel.<br \/>Ilustra bem essa realidade o diabo e seus dem\u00f4nios.<br \/>Toda diversidade e todo projeto pluralista sem comunh\u00e3o s\u00e3o v\u00e3o e pernicioso. Toda liberdade sem fidelidade \u00e9 a nega\u00e7\u00e3o da verdade.<br \/>Impor a justi\u00e7a, a paz e o amor sem a dimens\u00e3o do Reino de Deus s\u00e3o uma grande ilus\u00e3o e farsa destruidora.<\/p>\n<p style=\"text-align: center;\"><strong>\u00c1gua e Mar<\/strong><\/p>\n<p style=\"text-align: justify;\">Sejamos como a \u00e1gua corrente vencendo todos os obst\u00e1culos e sendo vitoriosa ao encontrar a majestade do mar.<br \/>Mar \u00e9 sin\u00f4nimo de sucesso, de riqueza, de grandiosidade e de prosperidade infinita!<\/p>\n<p style=\"text-align: center;\"><strong>Seja Amor<\/strong><\/p>\n<p style=\"text-align: justify;\">Seja o mapa para o outro encontrar o destino feliz.<br \/>Seja o barco para o seu semelhante navegar na tranq\u00fcilidade de sua viagem.<br \/>Seja a ponte para o pr\u00f3ximo atravessar os obst\u00e1culos da vida.<br \/>Seja escada para o sucesso.<br \/>Seja caminho para vit\u00f3ria.<br \/>Seja a mesa com p\u00e3o e \u00e1gua.<br \/>Seja cama para o descanso.<br \/>Seja ferramenta para o concerto.<br \/>Seja rem\u00e9dio para cura.<br \/>Seja amor, amado, amante&#8230;<\/p>\n<p style=\"text-align: justify;\"><strong>\u201cO mundo desanda e desaba pelo ego\u00edsmo, pela exacerba\u00e7\u00e3o do \u00f3dio, pela falta de eutimia e pela aus\u00eancia de amor\u201d.<\/strong><\/p>\n","protected":false},"excerpt":{"rendered":"<p>Deus criou tudo para comunh\u00e3o. O sentido da vida est\u00e1 na conex\u00e3o de estar junto, no encontro, na comunh\u00e3o do amor. Solid\u00e3o, isolamento, divis\u00e3o, antipatia, \u00f3dio e contendas \u00e9 uma doen\u00e7a mental e espiritual.Deus fez tudo para uni\u00e3o fraternal: Os anjos, o ser humano, os animais, a natureza e o Cosmo.Exemplo maior de comunh\u00e3o \u00e9 [&hellip;]<\/p>\n","protected":false},"author":16,"featured_media":0,"comment_status":"closed","ping_status":"closed","sticky":false,"template":"","format":"standard","meta":{"footnotes":""},"categories":[9],"tags":[],"class_list":["post-3285","post","type-post","status-publish","format-standard","hentry","category-artigos"],"_links":{"self":[{"href":"https:\/\/catolicanet.net\/wp-cnet\/wp-json\/wp\/v2\/posts\/3285","targetHints":{"allow":["GET"]}}],"collection":[{"href":"https:\/\/catolicanet.net\/wp-cnet\/wp-json\/wp\/v2\/posts"}],"about":[{"href":"https:\/\/catolicanet.net\/wp-cnet\/wp-json\/wp\/v2\/types\/post"}],"author":[{"embeddable":true,"href":"https:\/\/catolicanet.net\/wp-cnet\/wp-json\/wp\/v2\/users\/16"}],"replies":[{"embeddable":true,"href":"https:\/\/catolicanet.net\/wp-cnet\/wp-json\/wp\/v2\/comments?post=3285"}],"version-history":[{"count":1,"href":"https:\/\/catolicanet.net\/wp-cnet\/wp-json\/wp\/v2\/posts\/3285\/revisions"}],"predecessor-version":[{"id":7567,"href":"https:\/\/catolicanet.net\/wp-cnet\/wp-json\/wp\/v2\/posts\/3285\/revisions\/7567"}],"wp:attachment":[{"href":"https:\/\/catolicanet.net\/wp-cnet\/wp-json\/wp\/v2\/media?parent=3285"}],"wp:term":[{"taxonomy":"category","embeddable":true,"href":"https:\/\/catolicanet.net\/wp-cnet\/wp-json\/wp\/v2\/categories?post=3285"},{"taxonomy":"post_tag","embeddable":true,"href":"https:\/\/catolicanet.net\/wp-cnet\/wp-json\/wp\/v2\/tags?post=3285"}],"curies":[{"name":"wp","href":"https:\/\/api.w.org\/{rel}","templated":true}]}}