{"id":32834,"date":"2017-07-10T15:06:11","date_gmt":"2017-07-10T18:06:11","guid":{"rendered":"http:\/\/catolicanet.net\/wp-cnet\/?p=32834"},"modified":"2017-07-12T13:30:38","modified_gmt":"2017-07-12T16:30:38","slug":"aprovado-tratado-antinuclear-santa-se-passo-importante-para-a-paz","status":"publish","type":"post","link":"https:\/\/catolicanet.net\/wp-cnet\/aprovado-tratado-antinuclear-santa-se-passo-importante-para-a-paz\/","title":{"rendered":"Aprovado Tratado antinuclear. Santa S\u00e9: passo importante para a paz"},"content":{"rendered":"<p>Cidade do Vaticano (RV) &#8211; As Na\u00e7\u00f5es Unidas adotaram formalmente um Tratado que pro\u00edbe o uso das armas nucleares, at\u00e9 ent\u00e3o as \u00fanicas armas de destrui\u00e7\u00e3o em massa sem um documento pr\u00f3prio que as pro\u00edba.<\/p>\n<p>O Tratado foi aprovado por 122 pa\u00edses, mas as pot\u00eancias nucleares como os EUA e os pa\u00edses da Otan (Organiza\u00e7\u00e3o do Tratado do Atl\u00e2ntico Norte, ndr) n\u00e3o participaram da vota\u00e7\u00e3o e definiram os objetivos ing\u00eanuos e inalcan\u00e7\u00e1veis, sobretudo num momento em que a Coreia do Norte quer lan\u00e7ar m\u00edsseis nucleares contra outros territ\u00f3rios.<\/p>\n<p>A prop\u00f3sito, a R\u00e1dio Vaticano entrevistou o secret\u00e1rio delegado do Dicast\u00e9rio para o servi\u00e7o do desenvolvimento humano integral, Dom Silvano Maria Tomasi. Eis o que disse:<\/p>\n<p>Dom Tomasi:- \u201cEsta vota\u00e7\u00e3o muito importante \u00e9 um passo por parte de alguns Estados, incluindo a Santa S\u00e9, para se chegar a banir n\u00e3o somente o uso, mas tamb\u00e9m a posse das armas nucleares. Este caminho partiu de modo particular do encontro de Viena em novembro de 2014, quando com uma mensagem do Papa Francisco se insistiu que n\u00e3o \u00e9 mais aceit\u00e1vel do ponto de vista racional fazer com que a seguran\u00e7a dependa da posse de armas nucleares; \u00e9 verdadeiramente inaceit\u00e1vel adquirir e possuir armas nucleares ou dispositivos explosivos nucleares! E com esse Tratado n\u00e3o se pode mais faz\u00ea-lo.\u201d<\/p>\n<p>RV: O fato \u00e9 que nove pa\u00edses e seus aliados da Otan \u2013 incluindo a It\u00e1lia \u2013 n\u00e3o participaram, por\u00e9m, da vota\u00e7\u00e3o dessa comiss\u00e3o, e definiram esse Tratado como sendo \u201cing\u00eanuo\u201d, inclusive \u00e0 luz das amea\u00e7as nucleares que chegam neste momento da Coreia do Norte. Qual seu coment\u00e1rio a respeito?<\/p>\n<p>Dom Tomasi:- \u201c\u00c9 claro que a decis\u00e3o de votar um Tratado dessa natureza acaba sendo considerada pelos pa\u00edses que possuem bombas at\u00f4micas um gesto idealista. Mas se considerarmos que as armas qu\u00edmicas e as armas biol\u00f3gicas, as minas antipessoais, as bombas de fragmenta\u00e7\u00e3o s\u00e3o todas armamentos que s\u00e3o expressamente proibidas pela Conven\u00e7\u00e3o internacional e n\u00e3o havia nada, quase um vulnus jur\u00eddico (ferida jur\u00eddica, ndr) no que tange \u00e0s armas nucleares que s\u00e3o ainda mais destrutivas das que s\u00e3o proibidas por estas outras conven\u00e7\u00f5es internacionais, vemos que est\u00e1 sendo feito um caminho para se criar uma mentalidade que eventualmente leve \u00e0 consci\u00eancia de que a seguran\u00e7a de um pa\u00eds e de todos os pa\u00edses n\u00e3o est\u00e1 no ter a bomba at\u00f4mica, mas que nenhum pa\u00eds a tenha.\u201d<\/p>\n<p>RV: Por que a Santa S\u00e9 e tamb\u00e9m os bispos europeus, os bispos estadunidenses s\u00e3o contr\u00e1rios ao princ\u00edpio de dissuas\u00e3o que at\u00e9 ent\u00e3o sempre justificou a posse das armas nucleares? Por que esse princ\u00edpio n\u00e3o \u00e9 mais v\u00e1lido hoje?<\/p>\n<p>Dom Tomasi:- \u201cDurante a guerra fria, a dissuas\u00e3o fora aceita como uma solu\u00e7\u00e3o para estabelecer um equil\u00edbrio que prevenisse o uso pr\u00e1tico das armas at\u00f4micas. As circunst\u00e2ncias mudaram: apesar do \u2018Tratado de n\u00e3o-prolifera\u00e7\u00e3o\u2019 tivemos alguns pa\u00edses que acrescentaram a bomba at\u00f4mica a seus arsenais, como o Paquist\u00e3o, a \u00cdndia, Israel e agora a Coreia do Norte. Por\u00e9m, devemos considerar que essa amea\u00e7a rec\u00edproca de morte n\u00e3o \u00e9 o caminho que a fam\u00edlia humana deve tomar; o caminho a ser tomado \u00e9 o da colabora\u00e7\u00e3o e de buscar um di\u00e1logo permanente atrav\u00e9s de estruturas internacionais eficazes. A seguran\u00e7a \u00e9 garantida pelo di\u00e1logo e n\u00e3o pela for\u00e7a.\u201d<\/p>\n<p>&nbsp;<\/p>\n<p>Fonte: R\u00e1dio Vaticano<\/p>\n","protected":false},"excerpt":{"rendered":"<p>Cidade do Vaticano (RV) &#8211; As Na\u00e7\u00f5es Unidas adotaram formalmente um Tratado que pro\u00edbe o uso das armas nucleares, at\u00e9 ent\u00e3o as \u00fanicas armas de destrui\u00e7\u00e3o em massa sem um documento pr\u00f3prio que as pro\u00edba. O Tratado foi aprovado por 122 pa\u00edses, mas as pot\u00eancias nucleares como os EUA e os pa\u00edses da Otan (Organiza\u00e7\u00e3o [&hellip;]<\/p>\n","protected":false},"author":1,"featured_media":32835,"comment_status":"open","ping_status":"closed","sticky":false,"template":"","format":"standard","meta":{"footnotes":""},"categories":[3],"tags":[],"class_list":["post-32834","post","type-post","status-publish","format-standard","has-post-thumbnail","hentry","category-vaticano"],"_links":{"self":[{"href":"https:\/\/catolicanet.net\/wp-cnet\/wp-json\/wp\/v2\/posts\/32834","targetHints":{"allow":["GET"]}}],"collection":[{"href":"https:\/\/catolicanet.net\/wp-cnet\/wp-json\/wp\/v2\/posts"}],"about":[{"href":"https:\/\/catolicanet.net\/wp-cnet\/wp-json\/wp\/v2\/types\/post"}],"author":[{"embeddable":true,"href":"https:\/\/catolicanet.net\/wp-cnet\/wp-json\/wp\/v2\/users\/1"}],"replies":[{"embeddable":true,"href":"https:\/\/catolicanet.net\/wp-cnet\/wp-json\/wp\/v2\/comments?post=32834"}],"version-history":[{"count":1,"href":"https:\/\/catolicanet.net\/wp-cnet\/wp-json\/wp\/v2\/posts\/32834\/revisions"}],"predecessor-version":[{"id":32836,"href":"https:\/\/catolicanet.net\/wp-cnet\/wp-json\/wp\/v2\/posts\/32834\/revisions\/32836"}],"wp:featuredmedia":[{"embeddable":true,"href":"https:\/\/catolicanet.net\/wp-cnet\/wp-json\/wp\/v2\/media\/32835"}],"wp:attachment":[{"href":"https:\/\/catolicanet.net\/wp-cnet\/wp-json\/wp\/v2\/media?parent=32834"}],"wp:term":[{"taxonomy":"category","embeddable":true,"href":"https:\/\/catolicanet.net\/wp-cnet\/wp-json\/wp\/v2\/categories?post=32834"},{"taxonomy":"post_tag","embeddable":true,"href":"https:\/\/catolicanet.net\/wp-cnet\/wp-json\/wp\/v2\/tags?post=32834"}],"curies":[{"name":"wp","href":"https:\/\/api.w.org\/{rel}","templated":true}]}}