{"id":3280,"date":"2013-10-31T18:33:07","date_gmt":"2013-10-31T20:33:07","guid":{"rendered":"http:\/\/catolicanet.net\/wp-cnet\/nordeste-3-realiza-assembleia-do-conselho-missionario\/"},"modified":"2017-03-23T11:46:50","modified_gmt":"2017-03-23T14:46:50","slug":"nordeste-3-realiza-assembleia-do-conselho-missionario","status":"publish","type":"post","link":"https:\/\/catolicanet.net\/wp-cnet\/nordeste-3-realiza-assembleia-do-conselho-missionario\/","title":{"rendered":"Nordeste 3 realiza assembleia do Conselho Mission\u00e1rio"},"content":{"rendered":"<p style=\"text-align: justify;\"><img decoding=\"async\" src=\"http:\/\/catolicanet.com.br\/images\/stories\/comirene32013.jpg\" border=\"0\" align=\"left\" \/>A organiza\u00e7\u00e3o das a\u00e7\u00f5es das dioceses frente \u00e0 Miss\u00e3o Continental foi o tema da Assembleia do Conselho Mission\u00e1rio (Comire) do Regional Nordeste 3 da CNBB. O evento, realizado entre os dias 25 e 27 de outubro, em Salvador (BA), contou com a presen\u00e7a de representantes de 13 dioceses e a coordena\u00e7\u00e3o do bispo de Alagoinhas (BA) e referencial para a A\u00e7\u00e3o Mission\u00e1ria, dom Paulo Romeu Bastos.<\/p>\n<p>Os participantes tamb\u00e9m fizeram a avalia\u00e7\u00e3o das atividades e o planejamento para 2014, a fim de articular a dimens\u00e3o mission\u00e1ria entre as dioceses dos estados da Bahia e Sergipe. \u201cEste encontro foi um momento de fortalecimento e motiva\u00e7\u00e3o para a missionariedade da Igreja em todo o regional, sobretudo por refletirmos sobre a Miss\u00e3o Continental que Aparecida nos prop\u00f4s e que o papa Francisco tanto tem enfatizado\u201d, avaliou o bispo.<\/p>\n<p>Para o coordenador do Comire, padre Ant\u00f4nio Niemiec, o evento foi muito importante para o planejamento da a\u00e7\u00e3o mission\u00e1ria no Regional. \u201cA miss\u00e3o \u00e9 a prioridade da Igreja e uma n\u00e3o pode existir sem a outra. Por essa raz\u00e3o, para n\u00f3s \u00e9 de fundamental import\u00e2ncia avaliar e desenvolver a dimens\u00e3o mission\u00e1ria\u201d, concluiu.<\/p>\n<p style=\"text-align: justify;\">\u00a0<\/p>\n<p style=\"text-align: justify;\"><strong>Local: Bras\u00edlia (DF)<br \/>Fonte: CNBB<\/strong><\/p>\n","protected":false},"excerpt":{"rendered":"<p>A organiza\u00e7\u00e3o das a\u00e7\u00f5es das dioceses frente \u00e0 Miss\u00e3o Continental foi o tema da Assembleia do Conselho Mission\u00e1rio (Comire) do Regional Nordeste 3 da CNBB. O evento, realizado entre os dias 25 e 27 de outubro, em Salvador (BA), contou com a presen\u00e7a de representantes de 13 dioceses e a coordena\u00e7\u00e3o do bispo de Alagoinhas [&hellip;]<\/p>\n","protected":false},"author":1,"featured_media":0,"comment_status":"closed","ping_status":"closed","sticky":false,"template":"","format":"standard","meta":{"footnotes":""},"categories":[7],"tags":[],"class_list":["post-3280","post","type-post","status-publish","format-standard","hentry","category-cnbb"],"_links":{"self":[{"href":"https:\/\/catolicanet.net\/wp-cnet\/wp-json\/wp\/v2\/posts\/3280","targetHints":{"allow":["GET"]}}],"collection":[{"href":"https:\/\/catolicanet.net\/wp-cnet\/wp-json\/wp\/v2\/posts"}],"about":[{"href":"https:\/\/catolicanet.net\/wp-cnet\/wp-json\/wp\/v2\/types\/post"}],"author":[{"embeddable":true,"href":"https:\/\/catolicanet.net\/wp-cnet\/wp-json\/wp\/v2\/users\/1"}],"replies":[{"embeddable":true,"href":"https:\/\/catolicanet.net\/wp-cnet\/wp-json\/wp\/v2\/comments?post=3280"}],"version-history":[{"count":1,"href":"https:\/\/catolicanet.net\/wp-cnet\/wp-json\/wp\/v2\/posts\/3280\/revisions"}],"predecessor-version":[{"id":7565,"href":"https:\/\/catolicanet.net\/wp-cnet\/wp-json\/wp\/v2\/posts\/3280\/revisions\/7565"}],"wp:attachment":[{"href":"https:\/\/catolicanet.net\/wp-cnet\/wp-json\/wp\/v2\/media?parent=3280"}],"wp:term":[{"taxonomy":"category","embeddable":true,"href":"https:\/\/catolicanet.net\/wp-cnet\/wp-json\/wp\/v2\/categories?post=3280"},{"taxonomy":"post_tag","embeddable":true,"href":"https:\/\/catolicanet.net\/wp-cnet\/wp-json\/wp\/v2\/tags?post=3280"}],"curies":[{"name":"wp","href":"https:\/\/api.w.org\/{rel}","templated":true}]}}