{"id":3275,"date":"2013-10-31T15:23:33","date_gmt":"2013-10-31T17:23:33","guid":{"rendered":"http:\/\/catolicanet.net\/wp-cnet\/promulgacao-de-decretos-da-congregacao-das-causas-dos-santos\/"},"modified":"2017-03-23T13:51:42","modified_gmt":"2017-03-23T16:51:42","slug":"promulgacao-de-decretos-da-congregacao-das-causas-dos-santos","status":"publish","type":"post","link":"https:\/\/catolicanet.net\/wp-cnet\/promulgacao-de-decretos-da-congregacao-das-causas-dos-santos\/","title":{"rendered":"Promulga\u00e7\u00e3o de Decretos da Congrega\u00e7\u00e3o das Causas dos Santos"},"content":{"rendered":"<p style=\"text-align: justify;\">Papa Francisco recebeu em audi\u00eancia, na manh\u00e3 desta quinta-feira, no Vaticano, o Cardeal Angelo Amato, Prefeito da Congrega\u00e7\u00e3o das Causas dos Santos, para a promulga\u00e7\u00e3o dos seguintes Decretos:<\/p>\n<p>&#8211; Mart\u00edrio do Servo de Deus, Antonio Durcovici, bispo de Iasi, na Rom\u00eania, nascido em Altenburg, na \u00c1ustria, em 17 de maio de 1888, e assassinado por \u00f3dio \u00e0 f\u00e9 no c\u00e1rcere de Sighet, na Rom\u00eania, em 10 de dezembro de 1951;<\/p>\n<p>&#8211; As virtudes her\u00f3icas da Serva de Deus, Onoria \u201cNano\u201d Nagle (no religioso Joana de Deus), Fundadora da Congrega\u00e7\u00e3o das Irm\u00e3s da Apresenta\u00e7\u00e3o da Bem-aventurada Virgem Maria, nascida em Ballygriffin (Cork, na Irlanda), em 1718, e ali falecida em 26 de abril de 1784;<\/p>\n<p>&#8211; As virtudes her\u00f3icas da Serva de Deus, Celestina B\u00f3ttego, Fundadora da Sociedade Mission\u00e1ria de Maria, nascida em Glendale (Ohio, EUA), em 20 de dezembro de 1895, e falecida em S\u00e3o L\u00e1zaro de Parma, na It\u00e1lia, em 20 de agosto de 1980;<\/p>\n<p>&#8211; As virtudes her\u00f3icas da Serva de Deus, Olga da M\u00e3e de Deus (no civil Olga Maria Fortunata Gugelmo), Religiosa professa da Congrega\u00e7\u00e3o das Filhas da Igreja, nascida em Pojana Maggiore (Vic\u00eancia, It\u00e1lia), em 10 de maio de 1910, e falecida em Mestre (Veneza, It\u00e1lia), em 11 de abril de 1943.<\/p>\n<p style=\"text-align: justify;\">\u00a0<\/p>\n<p style=\"text-align: justify;\"><strong>Local: Cidade do Vaticano<br \/>Fonte: R\u00e1dio Vaticano<\/strong><\/p>\n","protected":false},"excerpt":{"rendered":"<p>Papa Francisco recebeu em audi\u00eancia, na manh\u00e3 desta quinta-feira, no Vaticano, o Cardeal Angelo Amato, Prefeito da Congrega\u00e7\u00e3o das Causas dos Santos, para a promulga\u00e7\u00e3o dos seguintes Decretos: &#8211; Mart\u00edrio do Servo de Deus, Antonio Durcovici, bispo de Iasi, na Rom\u00eania, nascido em Altenburg, na \u00c1ustria, em 17 de maio de 1888, e assassinado por [&hellip;]<\/p>\n","protected":false},"author":1,"featured_media":0,"comment_status":"closed","ping_status":"closed","sticky":false,"template":"","format":"standard","meta":{"footnotes":""},"categories":[3],"tags":[],"class_list":["post-3275","post","type-post","status-publish","format-standard","hentry","category-vaticano"],"_links":{"self":[{"href":"https:\/\/catolicanet.net\/wp-cnet\/wp-json\/wp\/v2\/posts\/3275","targetHints":{"allow":["GET"]}}],"collection":[{"href":"https:\/\/catolicanet.net\/wp-cnet\/wp-json\/wp\/v2\/posts"}],"about":[{"href":"https:\/\/catolicanet.net\/wp-cnet\/wp-json\/wp\/v2\/types\/post"}],"author":[{"embeddable":true,"href":"https:\/\/catolicanet.net\/wp-cnet\/wp-json\/wp\/v2\/users\/1"}],"replies":[{"embeddable":true,"href":"https:\/\/catolicanet.net\/wp-cnet\/wp-json\/wp\/v2\/comments?post=3275"}],"version-history":[{"count":1,"href":"https:\/\/catolicanet.net\/wp-cnet\/wp-json\/wp\/v2\/posts\/3275\/revisions"}],"predecessor-version":[{"id":7600,"href":"https:\/\/catolicanet.net\/wp-cnet\/wp-json\/wp\/v2\/posts\/3275\/revisions\/7600"}],"wp:attachment":[{"href":"https:\/\/catolicanet.net\/wp-cnet\/wp-json\/wp\/v2\/media?parent=3275"}],"wp:term":[{"taxonomy":"category","embeddable":true,"href":"https:\/\/catolicanet.net\/wp-cnet\/wp-json\/wp\/v2\/categories?post=3275"},{"taxonomy":"post_tag","embeddable":true,"href":"https:\/\/catolicanet.net\/wp-cnet\/wp-json\/wp\/v2\/tags?post=3275"}],"curies":[{"name":"wp","href":"https:\/\/api.w.org\/{rel}","templated":true}]}}