{"id":32745,"date":"2017-07-07T13:33:17","date_gmt":"2017-07-07T16:33:17","guid":{"rendered":"http:\/\/catolicanet.net\/wp-cnet\/?p=32745"},"modified":"2017-07-10T16:03:22","modified_gmt":"2017-07-10T19:03:22","slug":"colombia-em-festa-papa-aprova-martirio-de-um-bispo-e-um-sacerdote","status":"publish","type":"post","link":"https:\/\/catolicanet.net\/wp-cnet\/colombia-em-festa-papa-aprova-martirio-de-um-bispo-e-um-sacerdote\/","title":{"rendered":"Col\u00f4mbia em festa: Papa aprova mart\u00edrio de um Bispo e um sacerdote"},"content":{"rendered":"<p>Vaticano, 07 Jul. 17 \/ 01:00 pm (ACI).- Os colombianos est\u00e3o em festa depois que a Santa S\u00e9 anunciou o reconhecimento do mart\u00edrio do Bispo de Arauca, Dom Jes\u00fas Emilio Jaramillo Monsalve, do mart\u00edrio do Pe. Pedro Maria Ram\u00edrez Ramos, o chamado Padre de Armero, assim como as virtudes heroicas do Arcebispo de Bogot\u00e1, Dom Ismael Perdomo Borreo.<\/p>\n<p>O an\u00fancio foi feito ap\u00f3s a reuni\u00e3o do Papa Francisco com o Cardeal Angelo Amato, prefeito da Congrega\u00e7\u00e3o para as Causas dos Santos, no Vaticano.<\/p>\n<p>Dom Jes\u00fas Emilio Jaramillo nasceu em 14 de fevereiro de 1916 em Santo Domingo, em Antioquia. Foi ordenado sacerdote dos Mission\u00e1rios Xaverianos de Yaruma em 1\u00ba de setembro de 1940, quando tinha 24 anos.<\/p>\n<p>O Beato Paulo VI o designou Vig\u00e1rio Apost\u00f3lico de Arauca em 11 de novembro de 1970 e recebeu a ordena\u00e7\u00e3o episcopal em 10 de janeiro de 1971.<\/p>\n<p>Em 19 de julho de 1984, foi designado Bispo de Arauca, cargo em que serviu at\u00e9 que foi sequestrado e assassinado pela guerrilha ELN, aos 73 anos, em 2 de outubro de 1989.<\/p>\n<p>O Padre Armero, Padre Maria Ram\u00edrez Ramos, nasceu em La Plata, em 23 de outubro de 1899. Em 4 de outubro de 1915, ingressou no semin\u00e1rio de Maria Imaculada, em Garz\u00f3n. Sua forma\u00e7\u00e3o sacerdotal foi conclu\u00edda no semin\u00e1rio de Ibagu\u00e9 e, em 1931, recebeu a ordem sacerdotal.<\/p>\n<p>Ap\u00f3s passar por v\u00e1rias par\u00f3quias, em 1948 foi nomeado p\u00e1roco de Armero. Durante as revoltas de abril de 1948 na localidade de Armero, n\u00e3o escapou da viol\u00eancia. Em 10 de abril, em grupo de assassinos entrou na Igreja do Pe. Pedro Maria Ram\u00edrez e o assassinou com golpes de fac\u00e3o.<\/p>\n<p>O decreto tamb\u00e9m reconhece as virtudes heroicas do Servo de Deus Dom Ismael Perdomo Borrero, Arcebispo de Bogot\u00e1. Nasceu na cidade de Gigante, em 22 de fevereiro de 1872. No ano 1889, ingressou no Semin\u00e1rio de Bogot\u00e1. Em 1895, realizou seus estudos de Teologia no Col\u00e9gio Pio Latino-americano de Roma. Em 1897, obteve o grau de Doutor em Teologia Sagrada.<\/p>\n<p>Em 19 de dezembro de 1896, foi ordenado sacerdote. Foi vice-reitor do Semin\u00e1rio de Garz\u00f3n, chanceler da Diocese de Tolima, Bispo de Ibagu\u00e9, secret\u00e1rio das Confer\u00eancias Episcopais reunidas em Bogot\u00e1 e coadjutor ao Arcebispo de Bogot\u00e1.<\/p>\n<p>Em 2 de janeiro de 1928, foi nomeado Arcebispo de Bogot\u00e1 e, em 1949, Vig\u00e1rio Castrense das For\u00e7as Armadas da Col\u00f4mbia. Faleceu em 3 de junho de 1950, ap\u00f3s dois anos de enfermidade.<\/p>\n<p>&nbsp;<\/p>\n<p>Fonte: Acidigital<\/p>\n","protected":false},"excerpt":{"rendered":"<p>Vaticano, 07 Jul. 17 \/ 01:00 pm (ACI).- Os colombianos est\u00e3o em festa depois que a Santa S\u00e9 anunciou o reconhecimento do mart\u00edrio do Bispo de Arauca, Dom Jes\u00fas Emilio Jaramillo Monsalve, do mart\u00edrio do Pe. Pedro Maria Ram\u00edrez Ramos, o chamado Padre de Armero, assim como as virtudes heroicas do Arcebispo de Bogot\u00e1, Dom [&hellip;]<\/p>\n","protected":false},"author":1,"featured_media":32746,"comment_status":"open","ping_status":"closed","sticky":false,"template":"","format":"standard","meta":{"footnotes":""},"categories":[4],"tags":[],"class_list":["post-32745","post","type-post","status-publish","format-standard","has-post-thumbnail","hentry","category-cotidiano"],"_links":{"self":[{"href":"https:\/\/catolicanet.net\/wp-cnet\/wp-json\/wp\/v2\/posts\/32745","targetHints":{"allow":["GET"]}}],"collection":[{"href":"https:\/\/catolicanet.net\/wp-cnet\/wp-json\/wp\/v2\/posts"}],"about":[{"href":"https:\/\/catolicanet.net\/wp-cnet\/wp-json\/wp\/v2\/types\/post"}],"author":[{"embeddable":true,"href":"https:\/\/catolicanet.net\/wp-cnet\/wp-json\/wp\/v2\/users\/1"}],"replies":[{"embeddable":true,"href":"https:\/\/catolicanet.net\/wp-cnet\/wp-json\/wp\/v2\/comments?post=32745"}],"version-history":[{"count":1,"href":"https:\/\/catolicanet.net\/wp-cnet\/wp-json\/wp\/v2\/posts\/32745\/revisions"}],"predecessor-version":[{"id":32747,"href":"https:\/\/catolicanet.net\/wp-cnet\/wp-json\/wp\/v2\/posts\/32745\/revisions\/32747"}],"wp:featuredmedia":[{"embeddable":true,"href":"https:\/\/catolicanet.net\/wp-cnet\/wp-json\/wp\/v2\/media\/32746"}],"wp:attachment":[{"href":"https:\/\/catolicanet.net\/wp-cnet\/wp-json\/wp\/v2\/media?parent=32745"}],"wp:term":[{"taxonomy":"category","embeddable":true,"href":"https:\/\/catolicanet.net\/wp-cnet\/wp-json\/wp\/v2\/categories?post=32745"},{"taxonomy":"post_tag","embeddable":true,"href":"https:\/\/catolicanet.net\/wp-cnet\/wp-json\/wp\/v2\/tags?post=32745"}],"curies":[{"name":"wp","href":"https:\/\/api.w.org\/{rel}","templated":true}]}}