{"id":32739,"date":"2017-07-07T11:27:27","date_gmt":"2017-07-07T14:27:27","guid":{"rendered":"http:\/\/catolicanet.net\/wp-cnet\/?p=32739"},"modified":"2017-07-10T15:59:21","modified_gmt":"2017-07-10T18:59:21","slug":"papa-todos-temos-diploma-de-pecador","status":"publish","type":"post","link":"https:\/\/catolicanet.net\/wp-cnet\/papa-todos-temos-diploma-de-pecador\/","title":{"rendered":"Papa: &#8220;Todos temos diploma de pecador&#8221;"},"content":{"rendered":"<p>Cidade do Vaticano (RV) \u2013 Nesta primeira sexta-feira do m\u00eas, o Papa celebrou uma missa para os oper\u00e1rios do centro industrial do Vaticano, atendendo a um pedido dos pr\u00f3prios trabalhadores. Antes de iniciar, Francisco fez uma ora\u00e7\u00e3o pelo pai do funcion\u00e1rio Sandro,\u00a0<a href=\"http:\/\/br.radiovaticana.va\/news\/2017\/07\/06\/primeiro_obitu%C3%A1rio_de_francisco_em_jornal_vaticano\/1323491\">falecido<\/a>\u00a0alguns dias atr\u00e1s.<\/p>\n<p>O centro da homilia foi o epis\u00f3dio narrado no Evangelho de Mateus em que se fala dos cobradores de impostos e pecadores:<\/p>\n<p>\u201cEles eram considerados os piores, porque cobravam, colocavam no bolso uma parte e mandavam o resto do dinheiro aos romanos: vendiam a liberdade da p\u00e1tria e por isso, eram malvistos, odiados. Eram traidores da p\u00e1tria. Jesus os viu e os chamou. Escolheu um ap\u00f3stolo, o pior, Mateus, e o convidou para o almo\u00e7o. Ele ficou feliz\u201d.<\/p>\n<p>Depois de citar este trecho, o Papa prop\u00f4s uma recorda\u00e7\u00e3o do passado:<\/p>\n<p>\u201cAntes, quando me hospedava na Via della Scrofa, (casa para o clero no centro de Roma, ndr), eu gostava de ir \u2013 e agora n\u00e3o posso mais \u2013 \u00e0 Igreja de S\u00e3o Lu\u00eds dos Franceses para admirar um quadro do Caravaggio, \u2018A convers\u00e3o de Mateus\u2019: ele grudado no dinheiro e Jesus indicando-o com o dedo. Jesus aponta para ele e convida todos os traidores, publicanos, para o almo\u00e7o. Ao ver isso, os fariseus, que se consideravam \u2018justos\u2019, julgavam todos e diziam: \u201cPor que seu mestre come com eles?\u201d. Jesus diz: \u201cEu n\u00e3o vim para chamar os justos, mas os pecadores\u201d.<\/p>\n<p>Diploma de pecador<\/p>\n<p>O Papa comentou: \u201cIsto me consola muito, porque penso que Jesus veio para mim porque somos todos pecadores; todos temos este diploma. Cada um de n\u00f3s sabe bem onde peca mais, onde est\u00e1 a sua fraqueza. Antes de tudo temos que reconhecer isso: nenhum de n\u00f3s que estamos aqui pode dizer \u201cN\u00e3o sou pecador\u201d. Os fariseus diziam assim e Jesus os condena. Eram soberbos, vaidosos, se achavam superiores aos outros. Mas somos todos pecadores: \u00e9 a nossa l\u00e1urea e tamb\u00e9m a possibilidade de atrair Jesus a n\u00f3s. Jesus vem at\u00e9 n\u00f3s, vem a mim porque sou pecador\u201d.<\/p>\n<p><a href=\"http:\/\/media02.radiovaticana.va\/audio\/audio2\/mp3\/00588273.mp3\">Clique aqui para ouvir:<\/a><\/p>\n<p>Para isso Ele veio, para os pecadores, n\u00e3o para os justos. Estes n\u00e3o precisam. Jesus disse: \u201cAqueles que t\u00eam sa\u00fade n\u00e3o precisam de m\u00e9dico, mas sim os doentes. Aprendei, pois, o que significa: `Quero miseric\u00f3rdia e n\u00e3o sacrif\u00edcio&#8217;. Eu n\u00e3o vim para chamar os justos, mas os pecadores&#8217;\u201d.<\/p>\n<p>\u201cQuando leio isso \u2013 prosseguiu o Papa \u2013 me sinto chamado por Jesus e todos podemos dizer o mesmo: \u2018Jesus veio para mim, para cada um de n\u00f3s\u2019\u201d.<\/p>\n<p>Ele perdoa sempre<\/p>\n<p>Esta \u00e9 a nossa consola\u00e7\u00e3o e nossa confian\u00e7a: que Ele perdoa sempre, cura nossa alma sempre, sempre. \u201cSou fraco, tenho reca\u00eddas&#8230;\u201d: ser\u00e1 Jesus a reerguer-te e a curar-te, sempre. Jesus veio para me dar for\u00e7a, para me fazer feliz, para deixar minha consci\u00eancia tranquila. N\u00e3o tenhamos medo. Nos momentos piores, quando sentimos o peso por alguma coisa que fizemos, escorreg\u00f5es&#8230; Jesus me ama porque sou assim\u201d.<\/p>\n<p>S\u00e3o Jer\u00f4nimo<\/p>\n<p>Na conclus\u00e3o, Francisco reevocou uma fase da vida do grande S\u00e3o Jer\u00f4nimo, que tinha um temperamento dif\u00edcil e tentava ser mais delicado, porque era um d\u00e1lmata (nascido na atual Cro\u00e1cia, ndr) e os d\u00e1lmatas t\u00eam \u00edndole forte&#8230; Conseguiu dominar o seu car\u00e1ter e oferecia ao Senhor muitas coisas, muito trabalho, e perguntava: \u201cSenhor, o que queres de mim?\u201d. O Senhor respondia: \u201cAinda n\u00e3o me destes tudo\u201d. E ele: \u201cMas Senhor, eu dei isso, isso e aquilo&#8230;\u201d. \u201cO que falta?\u201d. \u201cUma coisa: os teus pecados\u201d.<\/p>\n<p>A beleza do cora\u00e7\u00e3o misericordioso de Jesus<\/p>\n<p>E bonito ouvir isso \u2013 concluiu Francisco. \u201cD\u00e1-me teus pecados e tuas fraquezas; eu os curo e tu prossegues\u201d. \u201cPensemos hoje no cora\u00e7\u00e3o de Jesus, para que nos fa\u00e7a entender esta beleza do cora\u00e7\u00e3o misericordioso, que me diz apenas: \u201cD\u00e1-me tuas fraquezas, teus pecados e eu perdoo tudo\u201d. \u201cE que esta alegria seja nossa\u201d.<\/p>\n<p>&nbsp;<\/p>\n<p>Fonte: R\u00e1dio Vaticano<\/p>\n","protected":false},"excerpt":{"rendered":"<p>Cidade do Vaticano (RV) \u2013 Nesta primeira sexta-feira do m\u00eas, o Papa celebrou uma missa para os oper\u00e1rios do centro industrial do Vaticano, atendendo a um pedido dos pr\u00f3prios trabalhadores. Antes de iniciar, Francisco fez uma ora\u00e7\u00e3o pelo pai do funcion\u00e1rio Sandro,\u00a0falecido\u00a0alguns dias atr\u00e1s. O centro da homilia foi o epis\u00f3dio narrado no Evangelho de [&hellip;]<\/p>\n","protected":false},"author":1,"featured_media":32740,"comment_status":"open","ping_status":"closed","sticky":false,"template":"","format":"standard","meta":{"footnotes":""},"categories":[3],"tags":[],"class_list":["post-32739","post","type-post","status-publish","format-standard","has-post-thumbnail","hentry","category-vaticano"],"_links":{"self":[{"href":"https:\/\/catolicanet.net\/wp-cnet\/wp-json\/wp\/v2\/posts\/32739","targetHints":{"allow":["GET"]}}],"collection":[{"href":"https:\/\/catolicanet.net\/wp-cnet\/wp-json\/wp\/v2\/posts"}],"about":[{"href":"https:\/\/catolicanet.net\/wp-cnet\/wp-json\/wp\/v2\/types\/post"}],"author":[{"embeddable":true,"href":"https:\/\/catolicanet.net\/wp-cnet\/wp-json\/wp\/v2\/users\/1"}],"replies":[{"embeddable":true,"href":"https:\/\/catolicanet.net\/wp-cnet\/wp-json\/wp\/v2\/comments?post=32739"}],"version-history":[{"count":1,"href":"https:\/\/catolicanet.net\/wp-cnet\/wp-json\/wp\/v2\/posts\/32739\/revisions"}],"predecessor-version":[{"id":32741,"href":"https:\/\/catolicanet.net\/wp-cnet\/wp-json\/wp\/v2\/posts\/32739\/revisions\/32741"}],"wp:featuredmedia":[{"embeddable":true,"href":"https:\/\/catolicanet.net\/wp-cnet\/wp-json\/wp\/v2\/media\/32740"}],"wp:attachment":[{"href":"https:\/\/catolicanet.net\/wp-cnet\/wp-json\/wp\/v2\/media?parent=32739"}],"wp:term":[{"taxonomy":"category","embeddable":true,"href":"https:\/\/catolicanet.net\/wp-cnet\/wp-json\/wp\/v2\/categories?post=32739"},{"taxonomy":"post_tag","embeddable":true,"href":"https:\/\/catolicanet.net\/wp-cnet\/wp-json\/wp\/v2\/tags?post=32739"}],"curies":[{"name":"wp","href":"https:\/\/api.w.org\/{rel}","templated":true}]}}