{"id":32709,"date":"2017-07-07T08:27:09","date_gmt":"2017-07-07T11:27:09","guid":{"rendered":"http:\/\/catolicanet.net\/wp-cnet\/?p=32709"},"modified":"2017-07-10T15:28:20","modified_gmt":"2017-07-10T18:28:20","slug":"abertas-inscricoes-para-o-simposio-mariologico-ecumenico-em-curitiba-pr","status":"publish","type":"post","link":"https:\/\/catolicanet.net\/wp-cnet\/abertas-inscricoes-para-o-simposio-mariologico-ecumenico-em-curitiba-pr\/","title":{"rendered":"Abertas inscri\u00e7\u00f5es para o Simp\u00f3sio Mariol\u00f3gico Ecum\u00eanico, em Curitiba (PR)"},"content":{"rendered":"<p style=\"text-align: justify;\">No atual contexto da celebra\u00e7\u00e3o dos 300 anos do encontro da imagem de Nossa Senhora Aparecida no Rio Para\u00edba do Sul e dos 500 anos da Reforma Protestante, a Comiss\u00e3o para o Ecumenismo e o Di\u00e1logo Inter-Religioso da Confer\u00eancia Nacional dos Bispos do Brasil (CNBB) e a Comiss\u00e3o de Di\u00e1logo Bilateral Cat\u00f3lico-Luterano, em parceria com o N\u00facleo Ecum\u00eanico e Inter-Religioso da Pontif\u00edcia Universidade Cat\u00f3lica do Paran\u00e1 (PUCPR) promovem entre os dias 1 e 3 de setembro, em Curitiba (PR), o Simp\u00f3sio Mariol\u00f3gico Ecum\u00eanico.<\/p>\n<p>Destinado a todos os envolvidos na causa ecum\u00eanica, a forma\u00e7\u00e3o possibilitar\u00e1 o conhecimento e o aprofundamento no coment\u00e1rio de Mart\u00edn Lutero sobre a obra Magnificat, na \u00f3tica cat\u00f3lica e luterana. De acordo com o assessor da Comiss\u00e3o para o Ecumenismo da CNBB, padre Marcus Barbosa o momento \u00e9 tamb\u00e9m uma oportunidade para se fazer um resgate, a partir dos documentos ecum\u00eanicos, da figura de Maria na hist\u00f3ria da salva\u00e7\u00e3o, a fim de superar preconceitos rec\u00edprocos entre as Igrejas crist\u00e3s.<\/p>\n<p>Ainda para ele, o estudo do coment\u00e1rio do Magnificat \u00e9 uma oportunidade de aprender a contemplar as grandezas de Deus. \u201cSem d\u00favida, \u00e9 uma bela e convidativa oportunidade, neste Ano Mariano e Ano da Celebra\u00e7\u00e3o dos 500 anos da Reforma, a cantar com Maria e aprender a contemplar as grandezas de Deus, o poder libertador de Jesus, a viver no reconhecimento de nossa fragilidade e pequenez, abertos e entregues \u00e0 f\u00e9 na sua miseric\u00f3rdia\u201d, completa.<br \/>\n<img loading=\"lazy\" decoding=\"async\" class=\"size-full wp-image-32711 alignright\" src=\"http:\/\/catolicanet.net\/wp-cnet\/wp-content\/uploads\/im37.jpg\" alt=\"\" width=\"301\" height=\"407\" srcset=\"https:\/\/catolicanet.net\/wp-cnet\/wp-content\/uploads\/im37.jpg 301w, https:\/\/catolicanet.net\/wp-cnet\/wp-content\/uploads\/im37-222x300.jpg 222w\" sizes=\"auto, (max-width: 301px) 100vw, 301px\" \/><\/p>\n<p style=\"text-align: justify;\">Na programa\u00e7\u00e3o, al\u00e9m das confer\u00eancias proferidas por doutores te\u00f3logos, membros da Comiss\u00e3o de Di\u00e1logo Bilateral Cat\u00f3lico-Luterano, o simp\u00f3sio contar\u00e1 tamb\u00e9m com duas confer\u00eancias que ser\u00e3o ministradas pelo presb\u00edtero e doutor Hubertus Blaumeiser, te\u00f3logo alem\u00e3o, professor em Roma, especialista na Teologia de Lutero.<\/p>\n<p style=\"text-align: justify;\">As inscri\u00e7\u00f5es para participar do evento s\u00e3o pagas e podem ser feitas at\u00e9 o dia 24 de agosto no site do Instituto de Ci\u00eancia e F\u00e9 da PUCPR. \u201cQue este Simp\u00f3sio Mariol\u00f3gico Ecum\u00eanico sobre o \u2018Louvor de Maria\u2019 seja mais uma oportunidade para trilharmos juntos a estrada do movimento ecum\u00eanico, a caminho da reconcilia\u00e7\u00e3o, desejo de Deus e compromisso nosso de crist\u00e3os\u201d, exorta padre Marcus.<\/p>\n<p style=\"text-align: justify;\"><a href=\"http:\/\/cnbb.net.br\/wp-content\/uploads\/sites\/32\/2017\/07\/folder-simposio-mariologia.pdf\">Confira<\/a>\u00a0o folder e a programa\u00e7\u00e3o completa do evento.<\/p>\n<p>&nbsp;<\/p>\n<p>Fonte: CNBB<\/p>\n","protected":false},"excerpt":{"rendered":"<p>No atual contexto da celebra\u00e7\u00e3o dos 300 anos do encontro da imagem de Nossa Senhora Aparecida no Rio Para\u00edba do Sul e dos 500 anos da Reforma Protestante, a Comiss\u00e3o para o Ecumenismo e o Di\u00e1logo Inter-Religioso da Confer\u00eancia Nacional dos Bispos do Brasil (CNBB) e a Comiss\u00e3o de Di\u00e1logo Bilateral Cat\u00f3lico-Luterano, em parceria com [&hellip;]<\/p>\n","protected":false},"author":1,"featured_media":32710,"comment_status":"open","ping_status":"closed","sticky":false,"template":"","format":"standard","meta":{"footnotes":""},"categories":[7],"tags":[],"class_list":["post-32709","post","type-post","status-publish","format-standard","has-post-thumbnail","hentry","category-cnbb"],"_links":{"self":[{"href":"https:\/\/catolicanet.net\/wp-cnet\/wp-json\/wp\/v2\/posts\/32709","targetHints":{"allow":["GET"]}}],"collection":[{"href":"https:\/\/catolicanet.net\/wp-cnet\/wp-json\/wp\/v2\/posts"}],"about":[{"href":"https:\/\/catolicanet.net\/wp-cnet\/wp-json\/wp\/v2\/types\/post"}],"author":[{"embeddable":true,"href":"https:\/\/catolicanet.net\/wp-cnet\/wp-json\/wp\/v2\/users\/1"}],"replies":[{"embeddable":true,"href":"https:\/\/catolicanet.net\/wp-cnet\/wp-json\/wp\/v2\/comments?post=32709"}],"version-history":[{"count":1,"href":"https:\/\/catolicanet.net\/wp-cnet\/wp-json\/wp\/v2\/posts\/32709\/revisions"}],"predecessor-version":[{"id":32712,"href":"https:\/\/catolicanet.net\/wp-cnet\/wp-json\/wp\/v2\/posts\/32709\/revisions\/32712"}],"wp:featuredmedia":[{"embeddable":true,"href":"https:\/\/catolicanet.net\/wp-cnet\/wp-json\/wp\/v2\/media\/32710"}],"wp:attachment":[{"href":"https:\/\/catolicanet.net\/wp-cnet\/wp-json\/wp\/v2\/media?parent=32709"}],"wp:term":[{"taxonomy":"category","embeddable":true,"href":"https:\/\/catolicanet.net\/wp-cnet\/wp-json\/wp\/v2\/categories?post=32709"},{"taxonomy":"post_tag","embeddable":true,"href":"https:\/\/catolicanet.net\/wp-cnet\/wp-json\/wp\/v2\/tags?post=32709"}],"curies":[{"name":"wp","href":"https:\/\/api.w.org\/{rel}","templated":true}]}}