{"id":32693,"date":"2017-07-06T17:00:59","date_gmt":"2017-07-06T20:00:59","guid":{"rendered":"http:\/\/catolicanet.net\/wp-cnet\/?p=32693"},"modified":"2017-07-07T15:28:10","modified_gmt":"2017-07-07T18:28:10","slug":"cardeal-tcheco-contrario-a-acolhida-de-migrantes-muculmanos","status":"publish","type":"post","link":"https:\/\/catolicanet.net\/wp-cnet\/cardeal-tcheco-contrario-a-acolhida-de-migrantes-muculmanos\/","title":{"rendered":"Cardeal tcheco contr\u00e1rio \u00e0 acolhida de migrantes mu\u00e7ulmanos"},"content":{"rendered":"<p>Praga (RV) &#8211;\u00a0 O l\u00edder da Igreja checa afirmou que seu pa\u00eds n\u00e3o pode aceitar os migrantes, a menos que &#8220;respeitem seu sistema de valores&#8221;, advertindo que os mu\u00e7ulmanos s\u00f3 podem ser considerados como uma &#8220;presen\u00e7a segura&#8221;, se representarem menos de cinco por cento da popula\u00e7\u00e3o.<\/p>\n<p>&#8220;Se voc\u00ea olhar para todo o mundo mu\u00e7ulmano, voc\u00ea n\u00e3o encontrar\u00e1 um \u00fanico pa\u00eds onde exista democracia, liberdade religiosa ou igualdade de g\u00eanero&#8221;, afirmou o Cardeal Dominik Duka, de Praga, Primaz da Igreja da Rep\u00fablica Tcheca.<\/p>\n<p>&#8220;Como crist\u00e3o e cat\u00f3lico, acredito que todas as pessoas compartilham um espa\u00e7o comum que nos permite aceitar uns aos outros. Mas isso tamb\u00e9m significa que devemos insistir que nossas regras sejam observadas&#8221;.<\/p>\n<p>Em entrevista ao seman\u00e1rio checo Echo 24, o Cardeal Duka disse que a popula\u00e7\u00e3o cat\u00f3lica europeia diminuiu em mais de 40% durante o Conc\u00edlio Vaticano II de 1962-1965, chegando ao redor dos 24%, levantando quest\u00f5es sobre o futuro da Igreja.<\/p>\n<p>Ele disse acreditar que os mu\u00e7ulmanos n\u00e3o criariam\u00a0 \u201cproblemas&#8221;, caso n\u00e3o ultrapassassem os cinco por cento de uma determinada popula\u00e7\u00e3o. Ultrapassando este percentual, come\u00e7ariam a exigir &#8220;posi\u00e7\u00f5es-chave na sociedade&#8221;. E quando chegassem aos 15% , passariam a &#8220;assumir o governo\u201d e a \u201cimpor a Lei da Shariah\u201d caso aumentassem para 25%.<\/p>\n<p>A Igreja checa foi amplamente criticada por se opor \u00e0 admiss\u00e3o de refugiados da S\u00edria e do Iraque, apesar dos pedidos de hospitalidade do Papa. Em agosto de 2016, seu principal seman\u00e1rio, Katolicky Tydenik, recusou-se a publicar uma declara\u00e7\u00e3o do Cardeal Duka, alertando os cat\u00f3licos contra a &#8220;abertura irracional dos port\u00f5es&#8221; aos refugiados, enquanto o te\u00f3logo cat\u00f3lico mais conhecido do pa\u00eds, Mgr Tomas Halik, criticou amargamente os Bispos checos O Presidente da confer\u00eancia, o Arcebispo Jan Graubner, convidou o governo a aceitar apenas &#8220;refugiados crist\u00e3os&#8221;.<\/p>\n<p>No entanto, em sua entrevista Echo 24, o Cardeal Duka disse que &#8220;c\u00edrculos liberais&#8221; em torno de Mgr Halik representavam &#8220;apenas uma minoria na Igreja&#8221;, e previu que 90% dos cat\u00f3licos checos compartilhariam suas reservas em rela\u00e7\u00e3o aos mu\u00e7ulmanos.<\/p>\n<p>Ele acrescentou que o isl\u00e3 frequentemente estava &#8220;\u00e0 frente do Ocidente&#8221; historicamente, refutando as afirma\u00e7\u00f5es de que era &#8220;uma religi\u00e3o medieval obscura&#8221;, mas disse que seu problema fundamental \u00e9 n\u00e3o reconhecer &#8220;a autonomia das esferas espiritual e civil&#8221;.<\/p>\n<p>&#8220;Agora existe medo nas sociedades ocidentais &#8211; quando vejo as filas diante do Castelo de Praga e os terr\u00edveis procedimentos nos aeroportos, eu tenho que imaginar o qu\u00e3o horr\u00edvel ser\u00e1 viver aqui dentro de 10 anos&#8221;, disse o Cardeal Duka.<\/p>\n<p>&#8220;Toda migra\u00e7\u00e3o passada trouxe derramamento de sangue e um forte decl\u00ednio cultural, civilizat\u00f3rio e econ\u00f4mico. Hoje, estamos em uma situa\u00e7\u00e3o em que o mundo moderno globalizado tem a tecnologia para regular os desenvolvimentos&#8221;.<\/p>\n<p>&nbsp;<\/p>\n<p>Fonte: R\u00e1dio Vaticano<\/p>\n","protected":false},"excerpt":{"rendered":"<p>Praga (RV) &#8211;\u00a0 O l\u00edder da Igreja checa afirmou que seu pa\u00eds n\u00e3o pode aceitar os migrantes, a menos que &#8220;respeitem seu sistema de valores&#8221;, advertindo que os mu\u00e7ulmanos s\u00f3 podem ser considerados como uma &#8220;presen\u00e7a segura&#8221;, se representarem menos de cinco por cento da popula\u00e7\u00e3o. &#8220;Se voc\u00ea olhar para todo o mundo mu\u00e7ulmano, voc\u00ea [&hellip;]<\/p>\n","protected":false},"author":1,"featured_media":32694,"comment_status":"open","ping_status":"closed","sticky":false,"template":"","format":"standard","meta":{"footnotes":""},"categories":[3],"tags":[],"class_list":["post-32693","post","type-post","status-publish","format-standard","has-post-thumbnail","hentry","category-vaticano"],"_links":{"self":[{"href":"https:\/\/catolicanet.net\/wp-cnet\/wp-json\/wp\/v2\/posts\/32693","targetHints":{"allow":["GET"]}}],"collection":[{"href":"https:\/\/catolicanet.net\/wp-cnet\/wp-json\/wp\/v2\/posts"}],"about":[{"href":"https:\/\/catolicanet.net\/wp-cnet\/wp-json\/wp\/v2\/types\/post"}],"author":[{"embeddable":true,"href":"https:\/\/catolicanet.net\/wp-cnet\/wp-json\/wp\/v2\/users\/1"}],"replies":[{"embeddable":true,"href":"https:\/\/catolicanet.net\/wp-cnet\/wp-json\/wp\/v2\/comments?post=32693"}],"version-history":[{"count":1,"href":"https:\/\/catolicanet.net\/wp-cnet\/wp-json\/wp\/v2\/posts\/32693\/revisions"}],"predecessor-version":[{"id":32695,"href":"https:\/\/catolicanet.net\/wp-cnet\/wp-json\/wp\/v2\/posts\/32693\/revisions\/32695"}],"wp:featuredmedia":[{"embeddable":true,"href":"https:\/\/catolicanet.net\/wp-cnet\/wp-json\/wp\/v2\/media\/32694"}],"wp:attachment":[{"href":"https:\/\/catolicanet.net\/wp-cnet\/wp-json\/wp\/v2\/media?parent=32693"}],"wp:term":[{"taxonomy":"category","embeddable":true,"href":"https:\/\/catolicanet.net\/wp-cnet\/wp-json\/wp\/v2\/categories?post=32693"},{"taxonomy":"post_tag","embeddable":true,"href":"https:\/\/catolicanet.net\/wp-cnet\/wp-json\/wp\/v2\/tags?post=32693"}],"curies":[{"name":"wp","href":"https:\/\/api.w.org\/{rel}","templated":true}]}}