{"id":32690,"date":"2017-07-06T15:00:27","date_gmt":"2017-07-06T18:00:27","guid":{"rendered":"http:\/\/catolicanet.net\/wp-cnet\/?p=32690"},"modified":"2017-07-07T17:04:04","modified_gmt":"2017-07-07T20:04:04","slug":"indigenas-kaingang-guarani-e-xokleng-protestam-em-sc-e-rs-contra-ma-gestao-na-saude-indigena","status":"publish","type":"post","link":"https:\/\/catolicanet.net\/wp-cnet\/indigenas-kaingang-guarani-e-xokleng-protestam-em-sc-e-rs-contra-ma-gestao-na-saude-indigena\/","title":{"rendered":"Ind\u00edgenas Kaingang, Guarani e Xokleng protestam em SC e RS contra m\u00e1 gest\u00e3o na sa\u00fade ind\u00edgena"},"content":{"rendered":"<p>Com informa\u00e7\u00f5es Cimi Sul<\/p>\n<p>Duas rodovias foram trancadas no norte do Rio Grande do Sul por ind\u00edgenas Kaingang e Guaran\u00ed na tarde de ontem, quarta-feira (05). Os protestos ocorrem simultaneamente a presen\u00e7a de lideran\u00e7as Kaingang na Comiss\u00e3o de Direitos Humanos do Senado Federal e na Secretaria Especial de Sa\u00fade Ind\u00edgena (Sesai), em Bras\u00edlia. A delega\u00e7\u00e3o traz as esferas federais reivindica\u00e7\u00f5es de melhoria na sa\u00fade no sul do pa\u00eds e denunciavam ass\u00e9dio moral e sexual por funcion\u00e1rios dos \u00f3rg\u00e3os governamentais. Outras a\u00e7\u00f5es ocorrem tamb\u00e9m em Florian\u00f3polis, onde ind\u00edgenas Xokleng ocupam o Distrito Sanit\u00e1rio Especial Ind\u00edgena (DSEI) Interior Sul.<\/p>\n<p>Ontem, aproximadamente 800 ind\u00edgenas interromperam a passagem da RSC-480, em S\u00e3o Valentim, que liga a cidade de Erechim (RS) a Chapec\u00f3 (SC). \u201cNossos protestos s\u00e3o para mostrar para o poder p\u00fablico que se continuar do jeito que est\u00e1 os nossos povos ser\u00e3o extintos\u201d. Para Deoclides de Paula, lideran\u00e7a Kaingang da aldeia Votouro Kaind\u00f3ia, a paraliza\u00e7\u00e3o das estradas \u00e9 para chamar aten\u00e7\u00e3o do Estado para a melhoria das pol\u00edticas de sa\u00fade para povos ind\u00edgenas. \u201cO movimento que acontece \u00e9 uma luta do nosso povo por direitos presentes na Constitui\u00e7\u00e3o Federal. A situa\u00e7\u00e3o da sa\u00fade prestada pela Secretaria Especial de Sa\u00fade Ind\u00edgena no Sul \u00e9 prec\u00e1ria\u201d, lamentou. \u201cEstamos sofrendo com os cortes dos or\u00e7amentos na \u00e1rea da sa\u00fade que leva a \u00f3bito muitos parentes, principalmente nossas crian\u00e7as e idosos\u201d. Outra rodovia ocupada \u00e9 a ERS-324, na localidade de Alto Recreio, que liga os munic\u00edpios de Passo Fundo (RS) e Chapec\u00f3 (SC) e passa pela Terra Ind\u00edgena Serrinha, em Ronda Alta (RS).<\/p>\n<p>Em Bras\u00edlia, mulheres ind\u00edgenas relataram ass\u00e9dios moral e sexual sofridas por funcion\u00e1rias ind\u00edgenas. As acusa\u00e7\u00f5es s\u00e3o contra dirigentesrespons\u00e1veis pelo DSEI Interior Sul. \u201cQueremos uma investiga\u00e7\u00e3o para verificar essa situa\u00e7\u00e3o de ass\u00e9dio dentro da Sesai\u201d, exige Deoclides ao repetir as cobran\u00e7as da delega\u00e7\u00e3o que encontra-se na capital do pa\u00eds. \u201cTem pessoas que desejam trabalhar pela vida dos povos e est\u00e3o sendo coagidas por seus superiores. Existe um s\u00e9rio abuso de poder dentro das institui\u00e7\u00f5es\u201d, denunciou o cacique.<\/p>\n<p>As lideran\u00e7as ind\u00edgenas cobram ainda a sa\u00edda de indica\u00e7\u00f5es pol\u00edticas para cargos que prestam servi\u00e7o as popula\u00e7\u00f5es tradicionais nos estados do Sul. \u201cSabemos que tem pessoas dentro da Funda\u00e7\u00e3o Nacional do \u00cdndio que s\u00e3o indica\u00e7\u00f5es de Alceu Moreira e Osmar Terra\u201d. Ambos s\u00e3o pol\u00edticos do PMDB, ga\u00fachos eleitos deputados federais. Moreira \u00e9 presidente da Comiss\u00e3o Parlamentar de Inqu\u00e9rito (CPI) da Funai\/Incra. \u201cEssas nomea\u00e7\u00f5es s\u00e3o de pessoas que nunca tiveram conhecimento sobre a organiza\u00e7\u00e3o dos povos ind\u00edgenas. N\u00e3o iremos ficar esperando que esses pol\u00edticos acabem com as institui\u00e7\u00f5es que prestam servi\u00e7o aos ind\u00edgenas\u201d.<\/p>\n<p>Os protestos, que acontecem h\u00e1 uma semana, somam 9 rodovias paralisadas, ocupa\u00e7\u00e3o do Distrito Sanit\u00e1rio Especial Ind\u00edgena Interior Sul, em Florian\u00f3polis, e do polo base de Passo Fundo.<\/p>\n<p>&nbsp;<\/p>\n<p>Fonte: CIMI<\/p>\n","protected":false},"excerpt":{"rendered":"<p>Com informa\u00e7\u00f5es Cimi Sul Duas rodovias foram trancadas no norte do Rio Grande do Sul por ind\u00edgenas Kaingang e Guaran\u00ed na tarde de ontem, quarta-feira (05). Os protestos ocorrem simultaneamente a presen\u00e7a de lideran\u00e7as Kaingang na Comiss\u00e3o de Direitos Humanos do Senado Federal e na Secretaria Especial de Sa\u00fade Ind\u00edgena (Sesai), em Bras\u00edlia. A delega\u00e7\u00e3o [&hellip;]<\/p>\n","protected":false},"author":1,"featured_media":32691,"comment_status":"open","ping_status":"closed","sticky":false,"template":"","format":"standard","meta":{"footnotes":""},"categories":[13],"tags":[],"class_list":["post-32690","post","type-post","status-publish","format-standard","has-post-thumbnail","hentry","category-featured"],"_links":{"self":[{"href":"https:\/\/catolicanet.net\/wp-cnet\/wp-json\/wp\/v2\/posts\/32690","targetHints":{"allow":["GET"]}}],"collection":[{"href":"https:\/\/catolicanet.net\/wp-cnet\/wp-json\/wp\/v2\/posts"}],"about":[{"href":"https:\/\/catolicanet.net\/wp-cnet\/wp-json\/wp\/v2\/types\/post"}],"author":[{"embeddable":true,"href":"https:\/\/catolicanet.net\/wp-cnet\/wp-json\/wp\/v2\/users\/1"}],"replies":[{"embeddable":true,"href":"https:\/\/catolicanet.net\/wp-cnet\/wp-json\/wp\/v2\/comments?post=32690"}],"version-history":[{"count":1,"href":"https:\/\/catolicanet.net\/wp-cnet\/wp-json\/wp\/v2\/posts\/32690\/revisions"}],"predecessor-version":[{"id":32692,"href":"https:\/\/catolicanet.net\/wp-cnet\/wp-json\/wp\/v2\/posts\/32690\/revisions\/32692"}],"wp:featuredmedia":[{"embeddable":true,"href":"https:\/\/catolicanet.net\/wp-cnet\/wp-json\/wp\/v2\/media\/32691"}],"wp:attachment":[{"href":"https:\/\/catolicanet.net\/wp-cnet\/wp-json\/wp\/v2\/media?parent=32690"}],"wp:term":[{"taxonomy":"category","embeddable":true,"href":"https:\/\/catolicanet.net\/wp-cnet\/wp-json\/wp\/v2\/categories?post=32690"},{"taxonomy":"post_tag","embeddable":true,"href":"https:\/\/catolicanet.net\/wp-cnet\/wp-json\/wp\/v2\/tags?post=32690"}],"curies":[{"name":"wp","href":"https:\/\/api.w.org\/{rel}","templated":true}]}}