{"id":32678,"date":"2017-07-06T13:52:45","date_gmt":"2017-07-06T16:52:45","guid":{"rendered":"http:\/\/catolicanet.net\/wp-cnet\/?p=32678"},"modified":"2017-07-07T14:59:41","modified_gmt":"2017-07-07T17:59:41","slug":"braga-arcebispos-vao-ser-homenageados-em-emissao-filatelica","status":"publish","type":"post","link":"https:\/\/catolicanet.net\/wp-cnet\/braga-arcebispos-vao-ser-homenageados-em-emissao-filatelica\/","title":{"rendered":"Braga: Arcebispos v\u00e3o ser homenageados em emiss\u00e3o filat\u00e9lica"},"content":{"rendered":"<p>Iniciativa dos CTT associa-se a bodas de ouro sacerdotais de D. Jorge Ortiga<\/p>\n<p>Braga, 06 jul 2017 (Ecclesia) \u2013 Os CTT &#8211; Correios de Portugal v\u00e3o homenagear seis arcebispos da Arquidiocese de Braga numa nova emiss\u00e3o filat\u00e9lica com apresenta\u00e7\u00e3o marcada para esta sexta-feira<\/p>\n<p>Num comunicado enviado hoje \u00e0 Ag\u00eancia ECCLESIA, o gabinete de imprensa dos CTT informa que os selos apresentam retratos de S\u00e3o Martinho de Dume, S\u00e3o Frutuoso, S\u00e3o Geraldo, D. frei Bartolomeu dos M\u00e1rtires, D. Rodrigo de Moura Teles e do atual arcebispo primaz D. Jorge Ortiga.<\/p>\n<p>\u201cTodos os selos representam os retratos dos mesmos, em pinturas em \u00f3leo sobre tela, da cole\u00e7\u00e3o Galeria dos Arcebispos e fotografia de Manuel Pit\u00e3es\u201d, explica a nota.<\/p>\n<p>Os Correios de Portugal enquadram a emiss\u00e3o filat\u00e9lica nas comemora\u00e7\u00f5es das bodas de ouro sacerdotais de D. Jorge Ortiga, que se assinalam este domingo.<\/p>\n<p>Na Arquidiocese de Braga a primeira iniciativa das comemora\u00e7\u00f5es \u00e9 a celebra\u00e7\u00e3o de ordena\u00e7\u00f5es diaconais, tamb\u00e9m a 9 de julho, pelas 15h30, na cripta da Bas\u00edlica do Sameiro; as iniciativas encerram-se uma semana depois com ordena\u00e7\u00f5es sacerdotais, dia 16, \u00e0 mesma hora e no mesmo local.<\/p>\n<p>A Ag\u00eancia ECCLESIA tamb\u00e9m conversou com D. Jorge Ortiga e a entrevista vai ser emitida pelas 13h30 do pr\u00f3ximo domingo, no programa \u201870&#215;7\u2019, na RTP 2.<\/p>\n<p>Natural de Brufe, Vila Nova de Famalic\u00e3o, D. Jorge Ortiga nasceu a 05 de mar\u00e7o de 1944 e a festa comemorativa dos 50 anos de sacerd\u00f3cio tem como lema \u00abNo ouro do sacerd\u00f3cio, a renova\u00e7\u00e3o da arquidiocese. Arcebispo de Braga em bodas de ouro sacerdotais\u00bb.<\/p>\n<p>O prelado foi nomeado arcebispo de Braga, aos 55 anos, em junho de 1999, m\u00eas em que tamb\u00e9m recebeu o p\u00e1lio do Papa S\u00e3o Jo\u00e3o Paulo II, no Vaticano.<\/p>\n<p>&nbsp;<\/p>\n<p>Fonte: Ag\u00eancia Ecclesia<\/p>\n","protected":false},"excerpt":{"rendered":"<p>Iniciativa dos CTT associa-se a bodas de ouro sacerdotais de D. Jorge Ortiga Braga, 06 jul 2017 (Ecclesia) \u2013 Os CTT &#8211; Correios de Portugal v\u00e3o homenagear seis arcebispos da Arquidiocese de Braga numa nova emiss\u00e3o filat\u00e9lica com apresenta\u00e7\u00e3o marcada para esta sexta-feira Num comunicado enviado hoje \u00e0 Ag\u00eancia ECCLESIA, o gabinete de imprensa dos [&hellip;]<\/p>\n","protected":false},"author":1,"featured_media":32679,"comment_status":"open","ping_status":"closed","sticky":false,"template":"","format":"standard","meta":{"footnotes":""},"categories":[4],"tags":[],"class_list":["post-32678","post","type-post","status-publish","format-standard","has-post-thumbnail","hentry","category-cotidiano"],"_links":{"self":[{"href":"https:\/\/catolicanet.net\/wp-cnet\/wp-json\/wp\/v2\/posts\/32678","targetHints":{"allow":["GET"]}}],"collection":[{"href":"https:\/\/catolicanet.net\/wp-cnet\/wp-json\/wp\/v2\/posts"}],"about":[{"href":"https:\/\/catolicanet.net\/wp-cnet\/wp-json\/wp\/v2\/types\/post"}],"author":[{"embeddable":true,"href":"https:\/\/catolicanet.net\/wp-cnet\/wp-json\/wp\/v2\/users\/1"}],"replies":[{"embeddable":true,"href":"https:\/\/catolicanet.net\/wp-cnet\/wp-json\/wp\/v2\/comments?post=32678"}],"version-history":[{"count":1,"href":"https:\/\/catolicanet.net\/wp-cnet\/wp-json\/wp\/v2\/posts\/32678\/revisions"}],"predecessor-version":[{"id":32680,"href":"https:\/\/catolicanet.net\/wp-cnet\/wp-json\/wp\/v2\/posts\/32678\/revisions\/32680"}],"wp:featuredmedia":[{"embeddable":true,"href":"https:\/\/catolicanet.net\/wp-cnet\/wp-json\/wp\/v2\/media\/32679"}],"wp:attachment":[{"href":"https:\/\/catolicanet.net\/wp-cnet\/wp-json\/wp\/v2\/media?parent=32678"}],"wp:term":[{"taxonomy":"category","embeddable":true,"href":"https:\/\/catolicanet.net\/wp-cnet\/wp-json\/wp\/v2\/categories?post=32678"},{"taxonomy":"post_tag","embeddable":true,"href":"https:\/\/catolicanet.net\/wp-cnet\/wp-json\/wp\/v2\/tags?post=32678"}],"curies":[{"name":"wp","href":"https:\/\/api.w.org\/{rel}","templated":true}]}}