{"id":3266,"date":"2013-10-30T18:19:55","date_gmt":"2013-10-30T20:19:55","guid":{"rendered":"http:\/\/catolicanet.net\/wp-cnet\/papa-pede-ao-conselho-mundial-de-igrejas-que-apoie-missao-da-familia\/"},"modified":"2017-03-23T13:21:51","modified_gmt":"2017-03-23T16:21:51","slug":"papa-pede-ao-conselho-mundial-de-igrejas-que-apoie-missao-da-familia","status":"publish","type":"post","link":"https:\/\/catolicanet.net\/wp-cnet\/papa-pede-ao-conselho-mundial-de-igrejas-que-apoie-missao-da-familia\/","title":{"rendered":"Papa pede ao Conselho Mundial de Igrejas que apoie miss\u00e3o da fam\u00edlia"},"content":{"rendered":"<p style=\"text-align: justify;\"><img decoding=\"async\" src=\"http:\/\/catolicanet.com.br\/images\/stories\/papafranciscocmi.jpg\" border=\"0\" align=\"left\" \/>O papa Francisco enviou mensagem ao presidente do Pontif\u00edcio Conselho para a Promo\u00e7\u00e3o da Unidade dos Crist\u00e3os, cardeal Kurt Koch, por ocasi\u00e3o da Assembleia Geral do Conselho Ecum\u00eanico Mundial das Igrejas (CMI), que tem in\u00edcio hoje, 30, e prossegue at\u00e9 8 de novembro, em Busan, Cor\u00e9ia do Sul.<\/p>\n<p>Na mensagem, o papa Francisco manifesta o desejo de que a Assembleia ajude a consolidar o compromisso de todos os seguidores de Cristo na intensifica\u00e7\u00e3o da ora\u00e7\u00e3o e colabora\u00e7\u00e3o a servi\u00e7o do Evangelho e do bem integral da fam\u00edlia. \u201cQue se apoie a miss\u00e3o da fam\u00edlia como um pilar fundamental da sociedade, que se assegure educa\u00e7\u00e3o integral aos jovens e que seja garantido a todos o livre exerc\u00edcio da liberdade religiosa\u201d, disse.<\/p>\n<p>A Assembleia, que este ano aborda o tema \u201cDeus da vida, conduze-os \u00e0 justi\u00e7a e \u00e0 paz\u201d, \u00e9 considerada o \u00f3rg\u00e3o de gest\u00e3o mais importante do Conselho Ecum\u00eanico e acontece a cada sete anos. Embora a Igreja Cat\u00f3lica n\u00e3o seja membro deste organismo, uma delega\u00e7\u00e3o a representar\u00e1 e participar\u00e1 do evento como observadora.<\/p>\n<p>A Igreja Cat\u00f3lica tem colaborado com o CMI, por meio da Comiss\u00e3o F\u00e9 e Constitui\u00e7\u00e3o,\u00a0 na busca teol\u00f3gica sobre as principais quest\u00f5es que ainda dividem os crist\u00e3os no campo da eclesiologia. Al\u00e9m disso, participa do Grupo Misto de trabalho, respons\u00e1vel pelas diferentes atividades e iniciativas comuns.<\/p>\n<p>O Conselho Mundial de Igrejas foi fundado em 1948, em Amsterd\u00e3. A Assembleia do CMI re\u00fane cerca de tr\u00eas mil l\u00edderes eclesi\u00e1sticos, membros das igrejas e associados ecum\u00eanicos de quase todas as tradi\u00e7\u00f5es crist\u00e3s do mundo. Esta \u00e9 a d\u00e9cima edi\u00e7\u00e3o do evento. A \u00faltima Assembleia aconteceu em Porto Alegre (RS), em 2006.<\/p>\n<p style=\"text-align: justify;\"><strong><br \/><\/strong><\/p>\n<p style=\"text-align: justify;\"><strong>Local: Bras\u00edlia (DF)<br \/>fonte: CNBB<\/strong><\/p>\n","protected":false},"excerpt":{"rendered":"<p>O papa Francisco enviou mensagem ao presidente do Pontif\u00edcio Conselho para a Promo\u00e7\u00e3o da Unidade dos Crist\u00e3os, cardeal Kurt Koch, por ocasi\u00e3o da Assembleia Geral do Conselho Ecum\u00eanico Mundial das Igrejas (CMI), que tem in\u00edcio hoje, 30, e prossegue at\u00e9 8 de novembro, em Busan, Cor\u00e9ia do Sul. Na mensagem, o papa Francisco manifesta o [&hellip;]<\/p>\n","protected":false},"author":1,"featured_media":0,"comment_status":"closed","ping_status":"closed","sticky":false,"template":"","format":"standard","meta":{"footnotes":""},"categories":[7],"tags":[],"class_list":["post-3266","post","type-post","status-publish","format-standard","hentry","category-cnbb"],"_links":{"self":[{"href":"https:\/\/catolicanet.net\/wp-cnet\/wp-json\/wp\/v2\/posts\/3266","targetHints":{"allow":["GET"]}}],"collection":[{"href":"https:\/\/catolicanet.net\/wp-cnet\/wp-json\/wp\/v2\/posts"}],"about":[{"href":"https:\/\/catolicanet.net\/wp-cnet\/wp-json\/wp\/v2\/types\/post"}],"author":[{"embeddable":true,"href":"https:\/\/catolicanet.net\/wp-cnet\/wp-json\/wp\/v2\/users\/1"}],"replies":[{"embeddable":true,"href":"https:\/\/catolicanet.net\/wp-cnet\/wp-json\/wp\/v2\/comments?post=3266"}],"version-history":[{"count":1,"href":"https:\/\/catolicanet.net\/wp-cnet\/wp-json\/wp\/v2\/posts\/3266\/revisions"}],"predecessor-version":[{"id":7590,"href":"https:\/\/catolicanet.net\/wp-cnet\/wp-json\/wp\/v2\/posts\/3266\/revisions\/7590"}],"wp:attachment":[{"href":"https:\/\/catolicanet.net\/wp-cnet\/wp-json\/wp\/v2\/media?parent=3266"}],"wp:term":[{"taxonomy":"category","embeddable":true,"href":"https:\/\/catolicanet.net\/wp-cnet\/wp-json\/wp\/v2\/categories?post=3266"},{"taxonomy":"post_tag","embeddable":true,"href":"https:\/\/catolicanet.net\/wp-cnet\/wp-json\/wp\/v2\/tags?post=3266"}],"curies":[{"name":"wp","href":"https:\/\/api.w.org\/{rel}","templated":true}]}}