{"id":32633,"date":"2017-07-05T15:00:59","date_gmt":"2017-07-05T18:00:59","guid":{"rendered":"http:\/\/catolicanet.net\/wp-cnet\/?p=32633"},"modified":"2017-07-06T14:55:18","modified_gmt":"2017-07-06T17:55:18","slug":"venezuela-igreja-catolica-reforca-denuncias-contra-violacoes-dos-direitos-humanos","status":"publish","type":"post","link":"https:\/\/catolicanet.net\/wp-cnet\/venezuela-igreja-catolica-reforca-denuncias-contra-violacoes-dos-direitos-humanos\/","title":{"rendered":"Venezuela: Igreja Cat\u00f3lica refor\u00e7a den\u00fancias contra viola\u00e7\u00f5es dos Direitos Humanos"},"content":{"rendered":"<p>Pa\u00eds assinala festa nacional em clima de tens\u00e3o<\/p>\n<p>Lisboa, 05 jul 2017 (Ecclesia) \u2013 A Comiss\u00e3o Justi\u00e7a e Paz dos bispos cat\u00f3licos na Venezuela, que hoje celebra a sua festa nacional, denunciou em comunicado a \u201cgrav\u00edssima\u201d situa\u00e7\u00e3o de \u201cviola\u00e7\u00e3o\u201d de Direitos Humanos e \u201cliberdades democr\u00e1ticas\u201d no pa\u00eds.<\/p>\n<p>A crise venezuelana foi recordada pelo Papa no Vaticano, este domingo, defendendo uma sa\u00edda \u201cpac\u00edfica e democr\u00e1tica\u201d para a atual crise pol\u00edtica no pa\u00eds sul-americano.<\/p>\n<p>\u201cFa\u00e7o um apelo para que se coloque um ponto final na viol\u00eancia e se encontre uma solu\u00e7\u00e3o pac\u00edfica e democr\u00e1tica para a crise\u201d, disse, ap\u00f3s lembrar que a 5 de julho se celebra a festa da independ\u00eancia da Venezuela.<\/p>\n<p>Mais de 70 pessoas morreram, desde abril, na sequ\u00eancia de protestos anti e pr\u00f3-governamentais.<\/p>\n<p>\u201cAsseguro a minha ora\u00e7\u00e3o por esta querida na\u00e7\u00e3o e manifesto a minha proximidade \u00e0s fam\u00edlias que perderam os seus filhos nas manifesta\u00e7\u00f5es p\u00fablicas\u201d, sublinhou o Papa.<\/p>\n<p>Em finais de 2016, o Governo e a oposi\u00e7\u00e3o na Venezuela encontraram-se para conversa\u00e7\u00f5es mediadas pela Igreja Cat\u00f3lica, com o empenho particular do Papa Francisco, mas a situa\u00e7\u00e3o pol\u00edtica e social do pa\u00eds degenerou deste ent\u00e3o.<\/p>\n<p>A Santa S\u00e9 considera que a Assembleia Constituinte promovida pelo governo venezuelano coloca em risco a democracia neste pa\u00eds.<\/p>\n<p>A Confer\u00eancia Episcopal da Venezuela, atrav\u00e9s da Comiss\u00e3o Justi\u00e7a e Paz, denunciou a \u201crepress\u00e3o\u201d dos manifestantes que exigem o \u201crestabelecimento da ordem constitucional\u201d, num momento em que o presidente Nicol\u00e1s Maduro e o sistema judicial t\u00eam esvaziado de poder o Parlamento, onde a oposi\u00e7\u00e3o se encontra em maioria.<\/p>\n<p>&nbsp;<\/p>\n<p>Fonte: Ag\u00eancia Ecclesia<\/p>\n","protected":false},"excerpt":{"rendered":"<p>Pa\u00eds assinala festa nacional em clima de tens\u00e3o Lisboa, 05 jul 2017 (Ecclesia) \u2013 A Comiss\u00e3o Justi\u00e7a e Paz dos bispos cat\u00f3licos na Venezuela, que hoje celebra a sua festa nacional, denunciou em comunicado a \u201cgrav\u00edssima\u201d situa\u00e7\u00e3o de \u201cviola\u00e7\u00e3o\u201d de Direitos Humanos e \u201cliberdades democr\u00e1ticas\u201d no pa\u00eds. A crise venezuelana foi recordada pelo Papa no [&hellip;]<\/p>\n","protected":false},"author":1,"featured_media":32634,"comment_status":"open","ping_status":"closed","sticky":false,"template":"","format":"standard","meta":{"footnotes":""},"categories":[4],"tags":[],"class_list":["post-32633","post","type-post","status-publish","format-standard","has-post-thumbnail","hentry","category-cotidiano"],"_links":{"self":[{"href":"https:\/\/catolicanet.net\/wp-cnet\/wp-json\/wp\/v2\/posts\/32633","targetHints":{"allow":["GET"]}}],"collection":[{"href":"https:\/\/catolicanet.net\/wp-cnet\/wp-json\/wp\/v2\/posts"}],"about":[{"href":"https:\/\/catolicanet.net\/wp-cnet\/wp-json\/wp\/v2\/types\/post"}],"author":[{"embeddable":true,"href":"https:\/\/catolicanet.net\/wp-cnet\/wp-json\/wp\/v2\/users\/1"}],"replies":[{"embeddable":true,"href":"https:\/\/catolicanet.net\/wp-cnet\/wp-json\/wp\/v2\/comments?post=32633"}],"version-history":[{"count":1,"href":"https:\/\/catolicanet.net\/wp-cnet\/wp-json\/wp\/v2\/posts\/32633\/revisions"}],"predecessor-version":[{"id":32635,"href":"https:\/\/catolicanet.net\/wp-cnet\/wp-json\/wp\/v2\/posts\/32633\/revisions\/32635"}],"wp:featuredmedia":[{"embeddable":true,"href":"https:\/\/catolicanet.net\/wp-cnet\/wp-json\/wp\/v2\/media\/32634"}],"wp:attachment":[{"href":"https:\/\/catolicanet.net\/wp-cnet\/wp-json\/wp\/v2\/media?parent=32633"}],"wp:term":[{"taxonomy":"category","embeddable":true,"href":"https:\/\/catolicanet.net\/wp-cnet\/wp-json\/wp\/v2\/categories?post=32633"},{"taxonomy":"post_tag","embeddable":true,"href":"https:\/\/catolicanet.net\/wp-cnet\/wp-json\/wp\/v2\/tags?post=32633"}],"curies":[{"name":"wp","href":"https:\/\/api.w.org\/{rel}","templated":true}]}}