{"id":3263,"date":"2013-10-30T15:34:23","date_gmt":"2013-10-30T17:34:23","guid":{"rendered":"http:\/\/catolicanet.net\/wp-cnet\/coletiva-sobre-a-viagem-de-dom-vincenzo-paglia-ao-brasil\/"},"modified":"2017-03-23T13:20:04","modified_gmt":"2017-03-23T16:20:04","slug":"coletiva-sobre-a-viagem-de-dom-vincenzo-paglia-ao-brasil","status":"publish","type":"post","link":"https:\/\/catolicanet.net\/wp-cnet\/coletiva-sobre-a-viagem-de-dom-vincenzo-paglia-ao-brasil\/","title":{"rendered":"Coletiva sobre a viagem de Dom Vincenzo Paglia ao Brasil"},"content":{"rendered":"<p style=\"text-align: justify;\">O Presidente do Pontif\u00edcio Conselho para a Fam\u00edlia, Dom Vincenzo Paglia, ir\u00e1 ao Brasil, na pr\u00f3xima semana, de modo particular a Salvador da Bahia e S\u00e3o Paulo, para algumas confer\u00eancias e encontros, como tamb\u00e9m fazer a entrega de uma oferta a uma casa de jovens, mantida pelo organismo vaticano.<\/p>\n<p>Amanh\u00e3 de manh\u00e3, quinta-feira, Dom Vincenzo Paglia apresentar\u00e1 detalhes sobre a sua viagem ao Brasil, durante uma coletiva de imprensa, na sede do Pontif\u00edcio Conselho para a Fam\u00edlia no Vaticano. Participar\u00e1 da coletiva, Bianca Fraccalvieri, do Programa Brasileiro da R\u00e1dio Vaticano.<\/p>\n<p style=\"text-align: justify;\"><strong>Local: Cidade do Vaticano <br \/>Fonte: R\u00e1dio Vaticano<\/strong><\/p>\n","protected":false},"excerpt":{"rendered":"<p>O Presidente do Pontif\u00edcio Conselho para a Fam\u00edlia, Dom Vincenzo Paglia, ir\u00e1 ao Brasil, na pr\u00f3xima semana, de modo particular a Salvador da Bahia e S\u00e3o Paulo, para algumas confer\u00eancias e encontros, como tamb\u00e9m fazer a entrega de uma oferta a uma casa de jovens, mantida pelo organismo vaticano. Amanh\u00e3 de manh\u00e3, quinta-feira, Dom Vincenzo [&hellip;]<\/p>\n","protected":false},"author":1,"featured_media":0,"comment_status":"closed","ping_status":"closed","sticky":false,"template":"","format":"standard","meta":{"footnotes":""},"categories":[4],"tags":[],"class_list":["post-3263","post","type-post","status-publish","format-standard","hentry","category-cotidiano"],"_links":{"self":[{"href":"https:\/\/catolicanet.net\/wp-cnet\/wp-json\/wp\/v2\/posts\/3263","targetHints":{"allow":["GET"]}}],"collection":[{"href":"https:\/\/catolicanet.net\/wp-cnet\/wp-json\/wp\/v2\/posts"}],"about":[{"href":"https:\/\/catolicanet.net\/wp-cnet\/wp-json\/wp\/v2\/types\/post"}],"author":[{"embeddable":true,"href":"https:\/\/catolicanet.net\/wp-cnet\/wp-json\/wp\/v2\/users\/1"}],"replies":[{"embeddable":true,"href":"https:\/\/catolicanet.net\/wp-cnet\/wp-json\/wp\/v2\/comments?post=3263"}],"version-history":[{"count":1,"href":"https:\/\/catolicanet.net\/wp-cnet\/wp-json\/wp\/v2\/posts\/3263\/revisions"}],"predecessor-version":[{"id":7587,"href":"https:\/\/catolicanet.net\/wp-cnet\/wp-json\/wp\/v2\/posts\/3263\/revisions\/7587"}],"wp:attachment":[{"href":"https:\/\/catolicanet.net\/wp-cnet\/wp-json\/wp\/v2\/media?parent=3263"}],"wp:term":[{"taxonomy":"category","embeddable":true,"href":"https:\/\/catolicanet.net\/wp-cnet\/wp-json\/wp\/v2\/categories?post=3263"},{"taxonomy":"post_tag","embeddable":true,"href":"https:\/\/catolicanet.net\/wp-cnet\/wp-json\/wp\/v2\/tags?post=3263"}],"curies":[{"name":"wp","href":"https:\/\/api.w.org\/{rel}","templated":true}]}}