{"id":32624,"date":"2017-07-05T14:23:44","date_gmt":"2017-07-05T17:23:44","guid":{"rendered":"http:\/\/catolicanet.net\/wp-cnet\/?p=32624"},"modified":"2017-07-06T14:45:11","modified_gmt":"2017-07-06T17:45:11","slug":"card-turkson-oceanos-sao-patrimonio-comum-da-humanidade","status":"publish","type":"post","link":"https:\/\/catolicanet.net\/wp-cnet\/card-turkson-oceanos-sao-patrimonio-comum-da-humanidade\/","title":{"rendered":"Card. Turkson: &#8220;Oceanos s\u00e3o patrim\u00f4nio comum da humanidade&#8221;"},"content":{"rendered":"<p>Cidade do Vaticano (RV) &#8211; \u201cEstamos esquecendo que os oceanos s\u00e3o patrim\u00f4nio da humanidade\u201d, afirmou ter\u00e7a-feira (04\/07) o Cardeal gan\u00eas Peter Kodwo Appiah Turkson, Prefeito do Dicast\u00e9rio para o Desenvolvimento Humano Integral, no congresso \u201cOceanos. Tutelando uma heran\u00e7a comum\u201d (\u201cOceans. Caring for a common heritage\u201d).<\/p>\n<p>O evento \u00e9 promovido pela Santa S\u00e9 e as embaixadas da Fran\u00e7a, M\u00f4naco e Pa\u00edses Baixos junto ao Vaticano.<\/p>\n<p>\u201cAs \u00e1reas do fundo oce\u00e2nico e de seu subsolo n\u00e3o pertencem a jurisdi\u00e7\u00f5es nacionais: s\u00e3o patrim\u00f4nio comum da humanidade\u201d, recordou Turkson citando a Resolu\u00e7\u00e3o 2749 da ONU. \u201cEstamos perdendo de vista este significado. A no\u00e7\u00e3o de patrim\u00f4nio comum deve ser aplicada nos regulamentos internacionais futuros e levar \u00e0 prote\u00e7\u00e3o dos mares\u201d.<\/p>\n<p>\u201cO afastamento da no\u00e7\u00e3o dos mares como patrim\u00f4nio comum da humanidade \u2013 que \u00e9 a tese do cardeal \u2013 demonstra que a responsabilidade em rela\u00e7\u00e3o aos mares e seus recursos para a fam\u00edlia humana est\u00e1 diminuindo. N\u00e3o somos os autores do nosso patrim\u00f4nio, o recebemos do passado e portanto, devemos deix\u00e1-lo como heran\u00e7a \u00e0s pessoas que aqui habitar\u00e3o no futuro\u201d, advertiu Turkson, exortando \u00e0 \u201csolidariedade inter-geracional\u201d.<\/p>\n<p>\u201cQuando se perde o sentimento de gratid\u00e3o por este dom que deve ser deixado como heran\u00e7a \u2013 prosseguiu \u2013 come\u00e7a-se a explorar os recursos de modo insustent\u00e1vel\u201d. \u201cO mar n\u00e3o s\u00f3 separa, mas garante a uni\u00e3o entre os continentes e as pessoas. Cobre grande parte da Terra e \u00e9 capaz de unir a humanidade\u201d.<\/p>\n<p>&nbsp;<\/p>\n<p>Fonte: R\u00e1dio Vaticano<\/p>\n","protected":false},"excerpt":{"rendered":"<p>Cidade do Vaticano (RV) &#8211; \u201cEstamos esquecendo que os oceanos s\u00e3o patrim\u00f4nio da humanidade\u201d, afirmou ter\u00e7a-feira (04\/07) o Cardeal gan\u00eas Peter Kodwo Appiah Turkson, Prefeito do Dicast\u00e9rio para o Desenvolvimento Humano Integral, no congresso \u201cOceanos. Tutelando uma heran\u00e7a comum\u201d (\u201cOceans. Caring for a common heritage\u201d). O evento \u00e9 promovido pela Santa S\u00e9 e as embaixadas [&hellip;]<\/p>\n","protected":false},"author":1,"featured_media":32625,"comment_status":"open","ping_status":"closed","sticky":false,"template":"","format":"standard","meta":{"footnotes":""},"categories":[3],"tags":[],"class_list":["post-32624","post","type-post","status-publish","format-standard","has-post-thumbnail","hentry","category-vaticano"],"_links":{"self":[{"href":"https:\/\/catolicanet.net\/wp-cnet\/wp-json\/wp\/v2\/posts\/32624","targetHints":{"allow":["GET"]}}],"collection":[{"href":"https:\/\/catolicanet.net\/wp-cnet\/wp-json\/wp\/v2\/posts"}],"about":[{"href":"https:\/\/catolicanet.net\/wp-cnet\/wp-json\/wp\/v2\/types\/post"}],"author":[{"embeddable":true,"href":"https:\/\/catolicanet.net\/wp-cnet\/wp-json\/wp\/v2\/users\/1"}],"replies":[{"embeddable":true,"href":"https:\/\/catolicanet.net\/wp-cnet\/wp-json\/wp\/v2\/comments?post=32624"}],"version-history":[{"count":1,"href":"https:\/\/catolicanet.net\/wp-cnet\/wp-json\/wp\/v2\/posts\/32624\/revisions"}],"predecessor-version":[{"id":32626,"href":"https:\/\/catolicanet.net\/wp-cnet\/wp-json\/wp\/v2\/posts\/32624\/revisions\/32626"}],"wp:featuredmedia":[{"embeddable":true,"href":"https:\/\/catolicanet.net\/wp-cnet\/wp-json\/wp\/v2\/media\/32625"}],"wp:attachment":[{"href":"https:\/\/catolicanet.net\/wp-cnet\/wp-json\/wp\/v2\/media?parent=32624"}],"wp:term":[{"taxonomy":"category","embeddable":true,"href":"https:\/\/catolicanet.net\/wp-cnet\/wp-json\/wp\/v2\/categories?post=32624"},{"taxonomy":"post_tag","embeddable":true,"href":"https:\/\/catolicanet.net\/wp-cnet\/wp-json\/wp\/v2\/tags?post=32624"}],"curies":[{"name":"wp","href":"https:\/\/api.w.org\/{rel}","templated":true}]}}