{"id":32609,"date":"2017-07-05T11:41:17","date_gmt":"2017-07-05T14:41:17","guid":{"rendered":"http:\/\/catolicanet.net\/wp-cnet\/?p=32609"},"modified":"2017-07-06T14:32:43","modified_gmt":"2017-07-06T17:32:43","slug":"vaticano-rechaca-acusacoes-de-ap-sobre-ma-gestao-no-hospital-do-papa","status":"publish","type":"post","link":"https:\/\/catolicanet.net\/wp-cnet\/vaticano-rechaca-acusacoes-de-ap-sobre-ma-gestao-no-hospital-do-papa\/","title":{"rendered":"Vaticano recha\u00e7a acusa\u00e7\u00f5es de AP sobre m\u00e1 gest\u00e3o no \u201cHospital do Papa\u201d"},"content":{"rendered":"<p>Vaticano, 05 Jul. 17 \/ 11:00 am (ACI).- O Diretor da Sala de Imprensa da Santa S\u00e9, Greg Burke, descreveu como \u201cfalso e injusto\u201d o relat\u00f3rio divulgado pela Associated Press (AP), que acusou o Hospital Bambino Ges\u00fa, conhecido como o \u201cHospital do Papa\u201d de suposta m\u00e1 gest\u00e3o, neglig\u00eancia e por ter provocado a morte de oito menores.<\/p>\n<p>\u201cNenhum hospital \u00e9 perfeito, mas \u00e9 falso e injusto\u201d difundir a ideia de que no hospital pedi\u00e1trico Bambino Gesu \u201cexistem s\u00e9rias amea\u00e7as \u00e0 sa\u00fade\u201d das crian\u00e7as hospitalizadas, expressou Burke na \u00faltima segunda-feira \u00e0 tarde, referindo-se \u00e0s acusa\u00e7\u00f5es da ag\u00eancia de not\u00edcias norte-americana.<\/p>\n<p>Na segunda-feira, a ag\u00eancia AP divulgou um relat\u00f3rio que acusa o Vaticano de m\u00e1s condi\u00e7\u00f5es hospitalares higi\u00eanicas que afetam a sa\u00fade dos pacientes. \u201cConforme o hospital ampliava os seus servi\u00e7os e tentava converter uma iniciativa deficit\u00e1ria do Vaticano em uma fonte de lucro, \u00e0s vezes as crian\u00e7as pagavam o pre\u00e7o\u201d, disse a ag\u00eancia.<\/p>\n<p>Entre outras coisas, a ag\u00eancia tamb\u00e9m garantiu que para economizar dinheiro, o hospital \u201cfez um pedido de agulhas baratas que se quebravam quando injetadas nas pequenas veias\u201d.<\/p>\n<p>Segundo informou o jornal do Vaticano, L&#8217;Osservatore Romano, Burke criticou este relat\u00f3rio e garantiu que o Hospital do Papa \u201c\u00e9 um hospital do qual a Igreja est\u00e1 orgulhosa pelo cuidado excepcional fornecido \u00e0s crian\u00e7as e dezenas de milhares de fam\u00edlias \u2013 muitas das quais precisam ser ajudas financeiramente \u2013 e que s\u00e3o testemunho todos os anos\u201d.<\/p>\n<p>Nesse sentido, o porta-voz do Vaticano assinalou que \u201cdepois de ter ouvido as reclama\u00e7\u00f5es sobre os cuidados no hospital h\u00e1 tr\u00eas anos, a Santa S\u00e9 imediatamente as investigou seriamente. Depois de recolher as cr\u00edticas, uma equipe m\u00e9dica foi respons\u00e1vel por examinar as acusa\u00e7\u00f5es e visitar\u201d o local.<\/p>\n<p>A investiga\u00e7\u00e3o permitiu comparar \u201cum n\u00edvel excepcional de cuidado e que as acusa\u00e7\u00f5es eram sem fundamento\u201d, afirmou Burke.<\/p>\n<p>Indicou que, de fato, a \u00fanica cr\u00edtica se referia \u201cao espa\u00e7o insuficiente na unidade de cuidados intensivos\u201d e que \u201cos funcion\u00e1rios do hospital s\u00e3o conscientes e trabalham para melhorar\u201d este aspecto.<\/p>\n<p>Burke recordou que \u201ca Igreja v\u00ea os cuidados de sa\u00fade como uma miss\u00e3o\u201d e, portanto, acolhe todos os esfor\u00e7os a fim de ajudar a melhorar o atendimento dentro dos seus hospitais.<\/p>\n<p>Hospital apresenta relat\u00f3rio<\/p>\n<p>Por sua parte, as autoridades do Hospital Bambino Ges\u00f9 apresentaram ontem um relat\u00f3rio sobre a sua atividade na \u00e1rea da sa\u00fade e cient\u00edfica em 2016, entre elas destaca o aumento de transplantes de \u00f3rg\u00e3os e de projetos de pesquisa que permitiram identificar 10 novas doen\u00e7as consideradas \u201craras\u201d.<\/p>\n<p>O Hospital Bambino Ges\u00f9 \u00e9 o \u00fanico hospital pedi\u00e1trico europeu onde se realizam<\/p>\n<p>todos os tipos de transplante. Em 2016, foram realizados 339 transplantes de \u00f3rg\u00e3os e tecidos, 4% a mais do que no ano anterior.<\/p>\n<p>Al\u00e9m disso, come\u00e7aram 242 projetos de pesquisa e 423 estudos cl\u00ednicos nos quais participaram 5.300 pacientes. No total, 750 m\u00e9dicos, bi\u00f3logos e outros profissionais da \u00e1rea da sa\u00fade se envolveram em projetos de investiga\u00e7\u00e3o cient\u00edfica promovidos pelo hospital.<\/p>\n<p>Apesar de ter assumido o diagn\u00f3stico e tratamento de pacientes com casos cada vez mais complexos, o que aumenta o risco de infec\u00e7\u00e3o hospitalar, o Hospital Bambino Ges\u00f9 conseguiu diminuir o n\u00famero de infec\u00e7\u00f5es hospitalares de 7,6% em 2006 para 1,8% em 2016, ou seja, 76% menos em 10 anos.<\/p>\n<p>Em 2016, o centro atendeu 80.015 urg\u00eancias, 412 foram transportes neonatais de emerg\u00eancia e 81 transportes de helic\u00f3ptero. Tamb\u00e9m ofereceu 1.696.279 transportes em ambul\u00e2ncia.<\/p>\n<p>Al\u00e9m disso, o relat\u00f3rio revela que durante o ano passado disponibilizaram 200 camas para as fam\u00edlias das crian\u00e7as internadas no hospital gratuitamente, beneficiando 3.700 fam\u00edlias.<\/p>\n<p>Durante o ano passado, tamb\u00e9m foram realizadas 27.058 cirurgias e 26.947 admiss\u00f5es ordin\u00e1rias. O hospital atendeu gratuitamente por raz\u00f5es humanit\u00e1rias 102 pacientes estrangeiros.<\/p>\n<p>Durante a apresenta\u00e7\u00e3o do relat\u00f3rio, o Secret\u00e1rio de Estado do Vaticano, Cardeal Pietro Parolin, expressou sua \u201cgrande satisfa\u00e7\u00e3o pelos resultados do Bambino Ges\u00f9. O hospital se tornou uma fam\u00edlia, uma comunidade\u201d.<\/p>\n<p>Destacou a \u201cestima, confian\u00e7a e proximidade do Santo Padre pelo hospital\u201d e sublinhou que o \u201cBambino Ges\u00f9 \u00e9 uma obra extraordin\u00e1ria de intelig\u00eancia e de caridade do Papa e da Igreja. Conjuga ci\u00eancia e acolhida\u201d.<\/p>\n<p>O Hospital Bambino Ges\u00f9 foi fundado em Roma, em 1869, foi a primeira institui\u00e7\u00e3o de sa\u00fade pedi\u00e1trica da It\u00e1lia. Em 1924, foi doada \u00e0 Santa S\u00e9 e se tornou o \u201cHospital do Papa\u201d. Em 1985, recebeu o reconhecimento como Instituto de Aten\u00e7\u00e3o Hospitalar e de Investiga\u00e7\u00e3o Cient\u00edfica.<\/p>\n<p>Em 2006, recebeu a certifica\u00e7\u00e3o por parte da Joint Commission International, que reconhece a excel\u00eancia na hospitalidade e na qualidade dos seus tratamentos. Em 2014, inauguraram um novo laborat\u00f3rio de pesquisa com as tecnologias de pesquisa gen\u00e9tica e celular.<\/p>\n<p>&nbsp;<\/p>\n<p>Fonte: Acidigital<\/p>\n","protected":false},"excerpt":{"rendered":"<p>Vaticano, 05 Jul. 17 \/ 11:00 am (ACI).- O Diretor da Sala de Imprensa da Santa S\u00e9, Greg Burke, descreveu como \u201cfalso e injusto\u201d o relat\u00f3rio divulgado pela Associated Press (AP), que acusou o Hospital Bambino Ges\u00fa, conhecido como o \u201cHospital do Papa\u201d de suposta m\u00e1 gest\u00e3o, neglig\u00eancia e por ter provocado a morte de [&hellip;]<\/p>\n","protected":false},"author":1,"featured_media":32610,"comment_status":"open","ping_status":"closed","sticky":false,"template":"","format":"standard","meta":{"footnotes":""},"categories":[4],"tags":[],"class_list":["post-32609","post","type-post","status-publish","format-standard","has-post-thumbnail","hentry","category-cotidiano"],"_links":{"self":[{"href":"https:\/\/catolicanet.net\/wp-cnet\/wp-json\/wp\/v2\/posts\/32609","targetHints":{"allow":["GET"]}}],"collection":[{"href":"https:\/\/catolicanet.net\/wp-cnet\/wp-json\/wp\/v2\/posts"}],"about":[{"href":"https:\/\/catolicanet.net\/wp-cnet\/wp-json\/wp\/v2\/types\/post"}],"author":[{"embeddable":true,"href":"https:\/\/catolicanet.net\/wp-cnet\/wp-json\/wp\/v2\/users\/1"}],"replies":[{"embeddable":true,"href":"https:\/\/catolicanet.net\/wp-cnet\/wp-json\/wp\/v2\/comments?post=32609"}],"version-history":[{"count":1,"href":"https:\/\/catolicanet.net\/wp-cnet\/wp-json\/wp\/v2\/posts\/32609\/revisions"}],"predecessor-version":[{"id":32611,"href":"https:\/\/catolicanet.net\/wp-cnet\/wp-json\/wp\/v2\/posts\/32609\/revisions\/32611"}],"wp:featuredmedia":[{"embeddable":true,"href":"https:\/\/catolicanet.net\/wp-cnet\/wp-json\/wp\/v2\/media\/32610"}],"wp:attachment":[{"href":"https:\/\/catolicanet.net\/wp-cnet\/wp-json\/wp\/v2\/media?parent=32609"}],"wp:term":[{"taxonomy":"category","embeddable":true,"href":"https:\/\/catolicanet.net\/wp-cnet\/wp-json\/wp\/v2\/categories?post=32609"},{"taxonomy":"post_tag","embeddable":true,"href":"https:\/\/catolicanet.net\/wp-cnet\/wp-json\/wp\/v2\/tags?post=32609"}],"curies":[{"name":"wp","href":"https:\/\/api.w.org\/{rel}","templated":true}]}}