{"id":32568,"date":"2017-07-04T15:12:22","date_gmt":"2017-07-04T18:12:22","guid":{"rendered":"http:\/\/catolicanet.net\/wp-cnet\/?p=32568"},"modified":"2017-07-05T11:45:16","modified_gmt":"2017-07-05T14:45:16","slug":"incendios-64-velas-em-memorias-das-vitimas-na-igreja-de-castanheira-de-pera","status":"publish","type":"post","link":"https:\/\/catolicanet.net\/wp-cnet\/incendios-64-velas-em-memorias-das-vitimas-na-igreja-de-castanheira-de-pera\/","title":{"rendered":"Inc\u00eandios: 64 velas em mem\u00f3rias das v\u00edtimas na igreja de Castanheira de P\u00eara"},"content":{"rendered":"<p>Presidente da Rep\u00fablica visitou localidade por ocasi\u00e3o do 103.\u00ba anivers\u00e1rio do concelho<\/p>\n<p>Castanheira de P\u00eara, 04 jul 2017 (Ecclesia) &#8211; O presidente da Rep\u00fablica Portuguesa visitou hoje Castanheira de P\u00eara, no 103.\u00ba anivers\u00e1rio do concelho, para manifestar a sua solidariedade \u00e0s v\u00edtimas do inc\u00eandio que deflagrou a 17 de junho.<\/p>\n<p>Marcelo Rebelo de Sousa participou na Missa celebrada na igreja matriz, cerim\u00f3nia fechada \u00e0 comunica\u00e7\u00e3o social.<\/p>\n<p>Antes da celebra\u00e7\u00e3o, o p\u00e1roco local, padre Jos\u00e9 Lopes de Carvalho deixou uma sauda\u00e7\u00e3o em nome do bispo de Coimbra, D. Virg\u00edlio Antunes, agradecendo a presen\u00e7a do presidente da Rep\u00fablica Portugesa.<\/p>\n<p>Em mem\u00f3ria de cada uma das v\u00edtimas mortais, foram acesas 64 velas diante do altar.<\/p>\n<p>A Missa evocou ainda os feridos que est\u00e3o em recupera\u00e7\u00e3o, nomeadamente os 4 bombeiros de Castanheira de P\u00eara, que o p\u00e1roco acompanha.<\/p>\n<p>Marcelo Rebelo de Sousa fez uma \u201chomenagem\u201d \u00e0 hist\u00f3ria do munic\u00edpio, tomando a palavra durante a cerim\u00f3nia solene do hastear da bandeira nacional no edif\u00edcio dos Pa\u00e7os do Concelho, que foi seguido de um minuto de sil\u00eancio em mem\u00f3ria das v\u00edtimas do inc\u00eandio.<\/p>\n<p>Para o presidente da Rep\u00fablica, a melhor forma de \u201crespeitar os que partiram\u201d \u00e9 recome\u00e7ar, porque \u201ca vida \u00e9 feita de recome\u00e7os\u201d.<\/p>\n<p>\u201cHoje estamos a viver o dia do recome\u00e7o da vossa hist\u00f3ria\u201d, disse aos presentes.<\/p>\n<p>O chefe de Estado apelou a \u201cconstruir o futuro\u201d, sublinhando a \u201ccoragem dos \u00faltimos dias, das \u00faltimas semanas\u201d, perante o drama dos inc\u00eandios.<\/p>\n<p>\u201c\u00c9 preciso regressar, \u00e9 preciso estar, \u00e9 preciso fazer\u201d, concluiu, na presen\u00e7a do ministro adjunto Eduardo Cabrita e do presidente da C\u00e2mara de Castanheira de P\u00eara, Fernando Lopes.<\/p>\n<p>&nbsp;<\/p>\n<p>Fonte: Ag\u00eancia Ecclesia<\/p>\n","protected":false},"excerpt":{"rendered":"<p>Presidente da Rep\u00fablica visitou localidade por ocasi\u00e3o do 103.\u00ba anivers\u00e1rio do concelho Castanheira de P\u00eara, 04 jul 2017 (Ecclesia) &#8211; O presidente da Rep\u00fablica Portuguesa visitou hoje Castanheira de P\u00eara, no 103.\u00ba anivers\u00e1rio do concelho, para manifestar a sua solidariedade \u00e0s v\u00edtimas do inc\u00eandio que deflagrou a 17 de junho. Marcelo Rebelo de Sousa participou [&hellip;]<\/p>\n","protected":false},"author":1,"featured_media":32569,"comment_status":"open","ping_status":"closed","sticky":false,"template":"","format":"standard","meta":{"footnotes":""},"categories":[4,13],"tags":[],"class_list":["post-32568","post","type-post","status-publish","format-standard","has-post-thumbnail","hentry","category-cotidiano","category-featured"],"_links":{"self":[{"href":"https:\/\/catolicanet.net\/wp-cnet\/wp-json\/wp\/v2\/posts\/32568","targetHints":{"allow":["GET"]}}],"collection":[{"href":"https:\/\/catolicanet.net\/wp-cnet\/wp-json\/wp\/v2\/posts"}],"about":[{"href":"https:\/\/catolicanet.net\/wp-cnet\/wp-json\/wp\/v2\/types\/post"}],"author":[{"embeddable":true,"href":"https:\/\/catolicanet.net\/wp-cnet\/wp-json\/wp\/v2\/users\/1"}],"replies":[{"embeddable":true,"href":"https:\/\/catolicanet.net\/wp-cnet\/wp-json\/wp\/v2\/comments?post=32568"}],"version-history":[{"count":1,"href":"https:\/\/catolicanet.net\/wp-cnet\/wp-json\/wp\/v2\/posts\/32568\/revisions"}],"predecessor-version":[{"id":32570,"href":"https:\/\/catolicanet.net\/wp-cnet\/wp-json\/wp\/v2\/posts\/32568\/revisions\/32570"}],"wp:featuredmedia":[{"embeddable":true,"href":"https:\/\/catolicanet.net\/wp-cnet\/wp-json\/wp\/v2\/media\/32569"}],"wp:attachment":[{"href":"https:\/\/catolicanet.net\/wp-cnet\/wp-json\/wp\/v2\/media?parent=32568"}],"wp:term":[{"taxonomy":"category","embeddable":true,"href":"https:\/\/catolicanet.net\/wp-cnet\/wp-json\/wp\/v2\/categories?post=32568"},{"taxonomy":"post_tag","embeddable":true,"href":"https:\/\/catolicanet.net\/wp-cnet\/wp-json\/wp\/v2\/tags?post=32568"}],"curies":[{"name":"wp","href":"https:\/\/api.w.org\/{rel}","templated":true}]}}