{"id":32543,"date":"2017-07-04T13:02:33","date_gmt":"2017-07-04T16:02:33","guid":{"rendered":"http:\/\/catolicanet.net\/wp-cnet\/?p=32543"},"modified":"2017-07-05T11:47:43","modified_gmt":"2017-07-05T14:47:43","slug":"inscricoes-para-semana-missionaria-estao-abertas","status":"publish","type":"post","link":"https:\/\/catolicanet.net\/wp-cnet\/inscricoes-para-semana-missionaria-estao-abertas\/","title":{"rendered":"Inscri\u00e7\u00f5es para Semana Mission\u00e1ria est\u00e3o abertas"},"content":{"rendered":"<p style=\"text-align: justify;\">A Comiss\u00e3o Episcopal Pastoral para a Juventude da Confer\u00eancia Nacional dos Bispos do Brasil (CNBB) abriu as inscri\u00e7\u00f5es para a Semana Mission\u00e1ria que vai acontecer de 22 a 29 de julho, nas dioceses banhadas pelo Rio Para\u00edba do Sul, onde foi encontrada a imagem de Nossa Senhora da Concei\u00e7\u00e3o, em 1717. O evento concluir\u00e1 as atividades do projeto Rota 300. S\u00e3o 3,8 mil vagas para jovens de todo o Brasil, que poder\u00e3o escolher uma das 11 dioceses para participar da Semana Mission\u00e1ria. No dia 29 de julho, haver\u00e1 uma programa\u00e7\u00e3o para todos os participantes j\u00e1 em Aparecida (SP).<\/p>\n<p>Confira a not\u00edcia na \u00edntegra\u00a0<a href=\"http:\/\/jovensconectados.org.br\/inscricoes-para-semana-missionaria-2017.html\">clique aqui<\/a>.<\/p>\n<p>&nbsp;<\/p>\n<p>Fonte: CNBB<\/p>\n","protected":false},"excerpt":{"rendered":"<p>A Comiss\u00e3o Episcopal Pastoral para a Juventude da Confer\u00eancia Nacional dos Bispos do Brasil (CNBB) abriu as inscri\u00e7\u00f5es para a Semana Mission\u00e1ria que vai acontecer de 22 a 29 de julho, nas dioceses banhadas pelo Rio Para\u00edba do Sul, onde foi encontrada a imagem de Nossa Senhora da Concei\u00e7\u00e3o, em 1717. O evento concluir\u00e1 as [&hellip;]<\/p>\n","protected":false},"author":1,"featured_media":32544,"comment_status":"open","ping_status":"closed","sticky":false,"template":"","format":"standard","meta":{"footnotes":""},"categories":[7,13],"tags":[],"class_list":["post-32543","post","type-post","status-publish","format-standard","has-post-thumbnail","hentry","category-cnbb","category-featured"],"_links":{"self":[{"href":"https:\/\/catolicanet.net\/wp-cnet\/wp-json\/wp\/v2\/posts\/32543","targetHints":{"allow":["GET"]}}],"collection":[{"href":"https:\/\/catolicanet.net\/wp-cnet\/wp-json\/wp\/v2\/posts"}],"about":[{"href":"https:\/\/catolicanet.net\/wp-cnet\/wp-json\/wp\/v2\/types\/post"}],"author":[{"embeddable":true,"href":"https:\/\/catolicanet.net\/wp-cnet\/wp-json\/wp\/v2\/users\/1"}],"replies":[{"embeddable":true,"href":"https:\/\/catolicanet.net\/wp-cnet\/wp-json\/wp\/v2\/comments?post=32543"}],"version-history":[{"count":1,"href":"https:\/\/catolicanet.net\/wp-cnet\/wp-json\/wp\/v2\/posts\/32543\/revisions"}],"predecessor-version":[{"id":32545,"href":"https:\/\/catolicanet.net\/wp-cnet\/wp-json\/wp\/v2\/posts\/32543\/revisions\/32545"}],"wp:featuredmedia":[{"embeddable":true,"href":"https:\/\/catolicanet.net\/wp-cnet\/wp-json\/wp\/v2\/media\/32544"}],"wp:attachment":[{"href":"https:\/\/catolicanet.net\/wp-cnet\/wp-json\/wp\/v2\/media?parent=32543"}],"wp:term":[{"taxonomy":"category","embeddable":true,"href":"https:\/\/catolicanet.net\/wp-cnet\/wp-json\/wp\/v2\/categories?post=32543"},{"taxonomy":"post_tag","embeddable":true,"href":"https:\/\/catolicanet.net\/wp-cnet\/wp-json\/wp\/v2\/tags?post=32543"}],"curies":[{"name":"wp","href":"https:\/\/api.w.org\/{rel}","templated":true}]}}