{"id":3253,"date":"2013-10-29T18:19:06","date_gmt":"2013-10-29T20:19:06","guid":{"rendered":"http:\/\/catolicanet.net\/wp-cnet\/arcebispo-de-cracovia-lanca-novo-livro-sobre-joao-paulo-ii\/"},"modified":"2017-03-23T14:06:32","modified_gmt":"2017-03-23T17:06:32","slug":"arcebispo-de-cracovia-lanca-novo-livro-sobre-joao-paulo-ii","status":"publish","type":"post","link":"https:\/\/catolicanet.net\/wp-cnet\/arcebispo-de-cracovia-lanca-novo-livro-sobre-joao-paulo-ii\/","title":{"rendered":"Arcebispo de Crac\u00f3via lan\u00e7a novo livro sobre Jo\u00e3o Paulo II"},"content":{"rendered":"<p style=\"text-align: justify;\"><img decoding=\"async\" src=\"http:\/\/catolicanet.com.br\/images\/stories\/joaopaulo2.jpg\" border=\"0\" align=\"left\" \/>Ser\u00e1 apresentado na pr\u00f3xima segunda-feira, 4 de novembro, em Roma, o livro do Arcebispo de Crac\u00f3via, Pol\u00f4nia, Cardeal Stanislaw Dziwisz, intitulado &#8220;Eu vivi com um santo&#8221;.<\/p>\n<p>A obra \u00e9 uma conversa com o jornalista Gian Franco Svidercoschi que h\u00e1 cinq\u00fcenta anos acompanha os fatos do mundo religioso e foi vice-diretor do jornal da Santa S\u00e9 &#8220;L&#8217;Osservatore Romano&#8221;.<\/p>\n<p>O Cardeal Dziwisz, ex-secret\u00e1rio do Beato Jo\u00e3o Paulo II, que ser\u00e1 canonizado em 27 de abril de 2014, viveu ao lado de Karol Wojtyla durante quase quarenta anos.<\/p>\n<p>&#8220;Eu vivi ao lado de um santo ou pelo menos durante quase quarenta anos, todos os dias, eu vi de perto a santidade como eu sempre pensei que deveria ser&#8221;, ressaltou o purpurado.<\/p>\n<p>Oito anos depois de sua morte, o Arcebispo de Crac\u00f3via repercorre a vida extraordin\u00e1ria de um gigante do nosso tempo em busca dos tra\u00e7os daquela santidade que est\u00e1 para ser solenemente proclamada.<\/p>\n<p>O livro ajudar\u00e1 a entender melhor tanto o Papa que mudou a hist\u00f3ria da Igreja e do mundo quanto Karol Wojtyla, numa dimens\u00e3o mais humana e pessoal.<\/p>\n<p>Em 2011, o Cardeal Dziwisz lan\u00e7ou o livro &#8220;Uma vida com Karol&#8221;.<\/p>\n<p style=\"text-align: justify;\"><strong><br \/><\/strong><\/p>\n<p style=\"text-align: justify;\"><strong>Local: Roma<br \/>Fonte: R\u00e1dio Vaticano<\/strong><\/p>\n","protected":false},"excerpt":{"rendered":"<p>Ser\u00e1 apresentado na pr\u00f3xima segunda-feira, 4 de novembro, em Roma, o livro do Arcebispo de Crac\u00f3via, Pol\u00f4nia, Cardeal Stanislaw Dziwisz, intitulado &#8220;Eu vivi com um santo&#8221;. A obra \u00e9 uma conversa com o jornalista Gian Franco Svidercoschi que h\u00e1 cinq\u00fcenta anos acompanha os fatos do mundo religioso e foi vice-diretor do jornal da Santa S\u00e9 [&hellip;]<\/p>\n","protected":false},"author":1,"featured_media":0,"comment_status":"closed","ping_status":"closed","sticky":false,"template":"","format":"standard","meta":{"footnotes":""},"categories":[4],"tags":[],"class_list":["post-3253","post","type-post","status-publish","format-standard","hentry","category-cotidiano"],"_links":{"self":[{"href":"https:\/\/catolicanet.net\/wp-cnet\/wp-json\/wp\/v2\/posts\/3253","targetHints":{"allow":["GET"]}}],"collection":[{"href":"https:\/\/catolicanet.net\/wp-cnet\/wp-json\/wp\/v2\/posts"}],"about":[{"href":"https:\/\/catolicanet.net\/wp-cnet\/wp-json\/wp\/v2\/types\/post"}],"author":[{"embeddable":true,"href":"https:\/\/catolicanet.net\/wp-cnet\/wp-json\/wp\/v2\/users\/1"}],"replies":[{"embeddable":true,"href":"https:\/\/catolicanet.net\/wp-cnet\/wp-json\/wp\/v2\/comments?post=3253"}],"version-history":[{"count":1,"href":"https:\/\/catolicanet.net\/wp-cnet\/wp-json\/wp\/v2\/posts\/3253\/revisions"}],"predecessor-version":[{"id":7618,"href":"https:\/\/catolicanet.net\/wp-cnet\/wp-json\/wp\/v2\/posts\/3253\/revisions\/7618"}],"wp:attachment":[{"href":"https:\/\/catolicanet.net\/wp-cnet\/wp-json\/wp\/v2\/media?parent=3253"}],"wp:term":[{"taxonomy":"category","embeddable":true,"href":"https:\/\/catolicanet.net\/wp-cnet\/wp-json\/wp\/v2\/categories?post=3253"},{"taxonomy":"post_tag","embeddable":true,"href":"https:\/\/catolicanet.net\/wp-cnet\/wp-json\/wp\/v2\/tags?post=3253"}],"curies":[{"name":"wp","href":"https:\/\/api.w.org\/{rel}","templated":true}]}}