{"id":32522,"date":"2017-07-04T10:27:44","date_gmt":"2017-07-04T13:27:44","guid":{"rendered":"http:\/\/catolicanet.net\/wp-cnet\/?p=32522"},"modified":"2017-07-05T10:10:24","modified_gmt":"2017-07-05T13:10:24","slug":"farol-um-simbolo-antigo-do-cristianismo","status":"publish","type":"post","link":"https:\/\/catolicanet.net\/wp-cnet\/farol-um-simbolo-antigo-do-cristianismo\/","title":{"rendered":"Farol: um s\u00edmbolo antigo do Cristianismo"},"content":{"rendered":"<p>&#8220;V\u00f3s sois a luz do mundo. Uma cidade edificada sobre um monte n\u00e3o pode ser escondida&#8221;<\/p>\n<p>As torres solit\u00e1rias \u00e0 beira de um porto n\u00e3o s\u00e3o uma inven\u00e7\u00e3o recente. Os eg\u00edpcios eram conhecidos pelo Farol de Alexandria, uma das estruturas mais altas do mundo antigo. No topo da torre, havia uma fogueira que ajudava os navios a navegar pelo porto de Alexandria. Acredita-se que este farol tenha se tornado o prot\u00f3tipo para todos os outros.<\/p>\n<p>N\u00e3o \u00e9 surpresa o fato de o farol ter se tornado um s\u00edmbolo de Jesus, do Cristianismo e da Igreja. Jesus disse no Evangelho de Jo\u00e3o: \u201cEu sou a luz do mundo; aquele que me segue n\u00e3o andar\u00e1 na escurid\u00e3o, mas ter\u00e1 a luz da vida \u201c(Jo\u00e3o 8:12).<\/p>\n<p>Esta passagem pode ser conectada \u00e0 imagem tradicional da Igreja, ligada a um navio, comparando Jesus \u00e0 luz do farol, que guia a Igreja (e a alma peregrina) at\u00e9 as Eternas Orlas do C\u00e9u.<\/p>\n<p>Ao mesmo tempo, vale dizer que Jesus tamb\u00e9m se referiu aos seus disc\u00edpulos como \u201cluzes do mundo\u201d:<\/p>\n<p>\u201cV\u00f3s sois a luz do mundo. N\u00e3o se pode esconder uma cidade situada sobre uma montanha nem se acende uma luz para coloc\u00e1-la debaixo do alqueire, mas sim para coloc\u00e1-la sobre o candeeiro, a fim de que brilhe a todos os que est\u00e3o em casa.\u201d (Mateus, 5:14)<br \/>\nEsta passagem particular reflete um conceito semelhante a um farol e explica como os crist\u00e3os (e a Igreja) devem ser uma luz para todos. Como crist\u00e3os, somos preenchidos com a luz de Cristo no batismo e somos enviados com a tarefa de levar essa luz para o mundo, ajudando outras almas a alcan\u00e7ar o destino pelo qual todos n\u00f3s somos criados.<\/p>\n<p>O farol \u00e9 uma bela imagem; um s\u00edmbolo que sempre deu conforto \u00e0s almas crist\u00e3s que tentam navegar no mar da vida para alcan\u00e7ar o Porto Eterno.<\/p>\n<p>&nbsp;<\/p>\n<p>Fonte: Aleteia<\/p>\n","protected":false},"excerpt":{"rendered":"<p>&#8220;V\u00f3s sois a luz do mundo. Uma cidade edificada sobre um monte n\u00e3o pode ser escondida&#8221; As torres solit\u00e1rias \u00e0 beira de um porto n\u00e3o s\u00e3o uma inven\u00e7\u00e3o recente. Os eg\u00edpcios eram conhecidos pelo Farol de Alexandria, uma das estruturas mais altas do mundo antigo. No topo da torre, havia uma fogueira que ajudava os [&hellip;]<\/p>\n","protected":false},"author":1,"featured_media":32523,"comment_status":"open","ping_status":"closed","sticky":false,"template":"","format":"standard","meta":{"footnotes":""},"categories":[4],"tags":[],"class_list":["post-32522","post","type-post","status-publish","format-standard","has-post-thumbnail","hentry","category-cotidiano"],"_links":{"self":[{"href":"https:\/\/catolicanet.net\/wp-cnet\/wp-json\/wp\/v2\/posts\/32522","targetHints":{"allow":["GET"]}}],"collection":[{"href":"https:\/\/catolicanet.net\/wp-cnet\/wp-json\/wp\/v2\/posts"}],"about":[{"href":"https:\/\/catolicanet.net\/wp-cnet\/wp-json\/wp\/v2\/types\/post"}],"author":[{"embeddable":true,"href":"https:\/\/catolicanet.net\/wp-cnet\/wp-json\/wp\/v2\/users\/1"}],"replies":[{"embeddable":true,"href":"https:\/\/catolicanet.net\/wp-cnet\/wp-json\/wp\/v2\/comments?post=32522"}],"version-history":[{"count":1,"href":"https:\/\/catolicanet.net\/wp-cnet\/wp-json\/wp\/v2\/posts\/32522\/revisions"}],"predecessor-version":[{"id":32524,"href":"https:\/\/catolicanet.net\/wp-cnet\/wp-json\/wp\/v2\/posts\/32522\/revisions\/32524"}],"wp:featuredmedia":[{"embeddable":true,"href":"https:\/\/catolicanet.net\/wp-cnet\/wp-json\/wp\/v2\/media\/32523"}],"wp:attachment":[{"href":"https:\/\/catolicanet.net\/wp-cnet\/wp-json\/wp\/v2\/media?parent=32522"}],"wp:term":[{"taxonomy":"category","embeddable":true,"href":"https:\/\/catolicanet.net\/wp-cnet\/wp-json\/wp\/v2\/categories?post=32522"},{"taxonomy":"post_tag","embeddable":true,"href":"https:\/\/catolicanet.net\/wp-cnet\/wp-json\/wp\/v2\/tags?post=32522"}],"curies":[{"name":"wp","href":"https:\/\/api.w.org\/{rel}","templated":true}]}}