{"id":32474,"date":"2017-07-03T15:47:34","date_gmt":"2017-07-03T18:47:34","guid":{"rendered":"http:\/\/catolicanet.net\/wp-cnet\/?p=32474"},"modified":"2017-07-03T16:42:54","modified_gmt":"2017-07-03T19:42:54","slug":"incendios-caritas-portuguesa-promove-coloquio-com-sociedade-civil-para-debater-prevencao","status":"publish","type":"post","link":"https:\/\/catolicanet.net\/wp-cnet\/incendios-caritas-portuguesa-promove-coloquio-com-sociedade-civil-para-debater-prevencao\/","title":{"rendered":"Inc\u00eandios: C\u00e1ritas Portuguesa promove col\u00f3quio com sociedade civil para debater preven\u00e7\u00e3o"},"content":{"rendered":"<p>Evento conta com entrega de uma casa em Anadia, a 14 de julho<\/p>\n<p>Lisboa, 03 jul 2017 (Ecclesia) &#8211; A C\u00e1ritas Portuguesa vai promover a 14 de julho um col\u00f3quio dedicado \u00e0 preven\u00e7\u00e3o de inc\u00eandios, com a participa\u00e7\u00e3o de respons\u00e1veis da sociedade civil, sublinhando que o recente \u201cdrama\u201d de Pedr\u00f3g\u00e3o Grande \u201cn\u00e3o pode deixar ningu\u00e9m indiferente\u201d.<\/p>\n<p>\u201cO tema em an\u00e1lise \u00e9 mais que oportuno. O drama que se abateu sobre Portugal n\u00e3o pode deixar ningu\u00e9m indiferente\u201d, real\u00e7a Eug\u00e9nio Fonseca, presidente da organiza\u00e7\u00e3o cat\u00f3lica.<\/p>\n<p>O col\u00f3quio tem como tema \u2018Cuidar da casa comum \u2013 prevenir e evitar os inc\u00eandios &#8211; Todos, com todos, para todos\u2019.<\/p>\n<p>Num comunicado enviado \u00e0 Ag\u00eancia ECCLESIA, a C\u00e1ritas Portuguesa informa que o evento a 14 de julho, se realiza entre as 09h30 e as 13h30, prevendo a entrega de uma casa em Anadia e alfaias agr\u00edcolas a uma fam\u00edlia de \u00c1gueda, afetada pelos fogos.<\/p>\n<p>Os participantes v\u00e3o ainda realizar uma visita a uma f\u00e1brica que \u201cretomou os 22 postos de trabalho com o apoio da C\u00e1ritas\u201d, atrav\u00e9s da campanha de 2016 \u2018C\u00e1ritas ajuda as vitimas dos inc\u00eandios em Portugal\u2019.<\/p>\n<p>O encontro come\u00e7a com a interven\u00e7\u00e3o \u2018Inc\u00eandios Florestais: Uma reflex\u00e3o sobre causas e consequ\u00eancias\u2019, pelo presidente do Centro de Estudos e Interven\u00e7\u00e3o em Prote\u00e7\u00e3o Civil, Duarte Caldeira, \u00e0s 10h00.<\/p>\n<p>Uma hora depois, Andr\u00e9 Chagas, respons\u00e1vel Operacional da Unidade de Campanhas da C\u00e1ritas Portuguesa, vai falar sobre solidariedade com consequ\u00eancias fazendo o balan\u00e7o da campanha \u2018C\u00e1ritas ajuda as v\u00edtimas dos inc\u00eandios em Portugal\u2019.<\/p>\n<p>A sess\u00e3o de encerramento, \u00e0s 12h45, conta com a presen\u00e7a do secret\u00e1rio de Estado da Administra\u00e7\u00e3o Interna, Jorge Gomes, a presidente da C\u00e2mara de Anadia, Teresa Cardoso, e o presidente da C\u00e1ritas Diocesana de Aveiro, di\u00e1cono Jos\u00e9 Alves.<\/p>\n<p>A C\u00e1ritas Portuguesa informa ainda que o almo\u00e7o \u00e9 nas instala\u00e7\u00f5es do Museu do Vinho da Bairrada, em Anadia, e o seu pagamento (15\u20ac) reverte \u201cintegralmente para o apoio \u00e0s v\u00edtimas dos inc\u00eandios\u201d deste ano.<\/p>\n<p>O col\u00f3quio vai ter como base documental a nota pastoral \u2018Cuidar da casa comum \u2013 prevenir e evitar os inc\u00eandios\u2019, divulgada pela Confer\u00eancia Episcopal Portuguesa em abril deste ano.<\/p>\n<p>A C\u00e1ritas destaca o apelo por uma \u201cmudan\u00e7a de mentalidades e h\u00e1bitos sociais\u201d que s\u00e3o \u201cnecess\u00e1rios para a preven\u00e7\u00e3o e o combate aos inc\u00eandios\u201d.<\/p>\n<p>Os inc\u00eandios que atingiram as popula\u00e7\u00f5es de Pedr\u00f3g\u00e3o Grande, Castanheira de P\u00eara e Figueir\u00f3 dos Vinhos e outras zonas de Portugal Continental e provocaram 64 mortes e mais de 200 feridos, al\u00e9m de terem atingido 90 casas e 25 empresas levaram a C\u00e1ritas Portuguesa a avan\u00e7ar com a abertura de uma conta solid\u00e1ria para apoiar todas as v\u00edtimas dos inc\u00eandios.<\/p>\n<p>A conta &#8216;C\u00e1ritas com Portugal abra\u00e7a v\u00edtimas dos inc\u00eandios&#8217; tem o n\u00famero 0001 200000 730 e o IBAN PT50 0035 0001 00200000 730 54, na Caixa Geral de Dep\u00f3sitos.<\/p>\n<p>&nbsp;<\/p>\n<p>Fonte: Ag\u00eancia Ecclesia<\/p>\n","protected":false},"excerpt":{"rendered":"<p>Evento conta com entrega de uma casa em Anadia, a 14 de julho Lisboa, 03 jul 2017 (Ecclesia) &#8211; A C\u00e1ritas Portuguesa vai promover a 14 de julho um col\u00f3quio dedicado \u00e0 preven\u00e7\u00e3o de inc\u00eandios, com a participa\u00e7\u00e3o de respons\u00e1veis da sociedade civil, sublinhando que o recente \u201cdrama\u201d de Pedr\u00f3g\u00e3o Grande \u201cn\u00e3o pode deixar ningu\u00e9m [&hellip;]<\/p>\n","protected":false},"author":1,"featured_media":32475,"comment_status":"open","ping_status":"open","sticky":false,"template":"","format":"standard","meta":{"footnotes":""},"categories":[4],"tags":[],"class_list":["post-32474","post","type-post","status-publish","format-standard","has-post-thumbnail","hentry","category-cotidiano"],"_links":{"self":[{"href":"https:\/\/catolicanet.net\/wp-cnet\/wp-json\/wp\/v2\/posts\/32474","targetHints":{"allow":["GET"]}}],"collection":[{"href":"https:\/\/catolicanet.net\/wp-cnet\/wp-json\/wp\/v2\/posts"}],"about":[{"href":"https:\/\/catolicanet.net\/wp-cnet\/wp-json\/wp\/v2\/types\/post"}],"author":[{"embeddable":true,"href":"https:\/\/catolicanet.net\/wp-cnet\/wp-json\/wp\/v2\/users\/1"}],"replies":[{"embeddable":true,"href":"https:\/\/catolicanet.net\/wp-cnet\/wp-json\/wp\/v2\/comments?post=32474"}],"version-history":[{"count":1,"href":"https:\/\/catolicanet.net\/wp-cnet\/wp-json\/wp\/v2\/posts\/32474\/revisions"}],"predecessor-version":[{"id":32476,"href":"https:\/\/catolicanet.net\/wp-cnet\/wp-json\/wp\/v2\/posts\/32474\/revisions\/32476"}],"wp:featuredmedia":[{"embeddable":true,"href":"https:\/\/catolicanet.net\/wp-cnet\/wp-json\/wp\/v2\/media\/32475"}],"wp:attachment":[{"href":"https:\/\/catolicanet.net\/wp-cnet\/wp-json\/wp\/v2\/media?parent=32474"}],"wp:term":[{"taxonomy":"category","embeddable":true,"href":"https:\/\/catolicanet.net\/wp-cnet\/wp-json\/wp\/v2\/categories?post=32474"},{"taxonomy":"post_tag","embeddable":true,"href":"https:\/\/catolicanet.net\/wp-cnet\/wp-json\/wp\/v2\/tags?post=32474"}],"curies":[{"name":"wp","href":"https:\/\/api.w.org\/{rel}","templated":true}]}}