{"id":32465,"date":"2017-07-03T14:35:28","date_gmt":"2017-07-03T17:35:28","guid":{"rendered":"http:\/\/catolicanet.net\/wp-cnet\/?p=32465"},"modified":"2017-07-03T16:36:38","modified_gmt":"2017-07-03T19:36:38","slug":"falece-bispo-chines-de-89-anos-que-esteve-preso-em-campo-trabalho-forcado","status":"publish","type":"post","link":"https:\/\/catolicanet.net\/wp-cnet\/falece-bispo-chines-de-89-anos-que-esteve-preso-em-campo-trabalho-forcado\/","title":{"rendered":"Falece Bispo chin\u00eas de 89 anos que esteve preso em campo trabalho for\u00e7ado"},"content":{"rendered":"<p>Vaticano (ACI).- A Sala de Imprensa do Vaticano informou recentemente a morte de Dom Giovanni Liu Shigong, Bispo de Jining (Tsining), na China continental.<\/p>\n<p>O Prelado, que sofria de uma doen\u00e7a, faleceu em 9 de junho. Durante a sua vida e como outros bispos chineses, tamb\u00e9m foi obrigado pelas autoridades a estar nos campos de trabalho for\u00e7ado.<\/p>\n<p>Dom Liu Shigong nasceu em 18 de agosto de 1928, em Wulannao (Siziwangqi, cidade Wulanchabu). Entrou no semin\u00e1rio em 1949. Estudou filosofia em Hohhot, em um instituto que logo depois foi fechado.<\/p>\n<p>Em 1952 voltou para o semin\u00e1rio e foi ordenado sacerdote em 15 de agosto de 1956.<\/p>\n<p>Exerceu seu minist\u00e9rio sacerdotal na par\u00f3quia de Guyingzi, em Siziwangqi, at\u00e9 que foi proibida qualquer atividade religiosa na China. Ent\u00e3o, foi for\u00e7ado a dedicar-se a trabalhos agr\u00edcolas para garantir o seu sustento. \u201cDurante a Revolu\u00e7\u00e3o Cultural \u2013 assinala o comunicado do Vaticano \u2013, foi obrigado, por um determinado per\u00edodo, a estar em campos de trabalho for\u00e7ado\u201d.<\/p>\n<p>Em 1984, depois da liberaliza\u00e7\u00e3o da atividade religiosa, assumiu como p\u00e1roco de Duyingzi e trabalhou nas quatro par\u00f3quias de Siziwangqi.<\/p>\n<p>Foi ordenado Bispo de Jining em 12 de outubro de 1985.<\/p>\n<p>A nota do Vaticano sublinha que \u201cos fi\u00e9is e os sacerdotes sempre tiveram grande gratid\u00e3o e afeto por ele, pelo seu empenho pastoral e pelo estilo de vida exemplar. Fiel \u00e0 sua voca\u00e7\u00e3o, tinha grande piedade e foi incans\u00e1vel no servi\u00e7o \u00e0 Igreja e na fidelidade ao Senhor, quer nas circunst\u00e2ncias favor\u00e1veis como naquelas adversas\u201d.<\/p>\n<p>O funeral do Bispo foi no dia 15 de junho e foi enterrado no cemit\u00e9rio cat\u00f3lico na Huaershan.<\/p>\n<p>A Diocese de Jining conta atualmente com cerca de 65 mil fi\u00e9is, 29 sacerdotes, 12 irm\u00e3s da Congrega\u00e7\u00e3o diocesana do Ros\u00e1rio de Maria, 25 par\u00f3quias e 40 locais de ora\u00e7\u00e3o.<\/p>\n<p>As rela\u00e7\u00f5es diplom\u00e1ticas entre a China e o Vaticano se romperam em 1951, dois anos depois da chegada ao poder dos comunistas que expulsaram os cl\u00e9rigos estrangeiros.<\/p>\n<p>H\u00e1 alguns anos, a Santa S\u00e9 trabalha em um acordo para o restabelecimento das rela\u00e7\u00f5es diplom\u00e1ticas com a China, uma aproxima\u00e7\u00e3o incentivada pelo Papa Francisco.<\/p>\n<p>Em agosto de 2014, enquanto se dirigia para a Coreia do Sul, o Santo Padre enviou um telegrama ao presidente da China, Xi Jinping, quando seu avi\u00e3o sobrevoava o espa\u00e7o a\u00e9reo do pa\u00eds para expressar-lhe seus melhores desejos.<\/p>\n<p>O fato de que o Papa tenha recebido a permiss\u00e3o para sobrevoar o espa\u00e7o a\u00e9reo chin\u00eas foi considerado como um pequeno avan\u00e7o. O Papa Jo\u00e3o Paulo II teve que evitar o espa\u00e7o a\u00e9reo deste pa\u00eds durante suas viagens \u00e0 \u00c1sia.<\/p>\n<p>&nbsp;<\/p>\n<p>Fonte: Acidigital<\/p>\n","protected":false},"excerpt":{"rendered":"<p>Vaticano (ACI).- A Sala de Imprensa do Vaticano informou recentemente a morte de Dom Giovanni Liu Shigong, Bispo de Jining (Tsining), na China continental. O Prelado, que sofria de uma doen\u00e7a, faleceu em 9 de junho. Durante a sua vida e como outros bispos chineses, tamb\u00e9m foi obrigado pelas autoridades a estar nos campos de [&hellip;]<\/p>\n","protected":false},"author":1,"featured_media":32466,"comment_status":"open","ping_status":"open","sticky":false,"template":"","format":"standard","meta":{"footnotes":""},"categories":[4],"tags":[],"class_list":["post-32465","post","type-post","status-publish","format-standard","has-post-thumbnail","hentry","category-cotidiano"],"_links":{"self":[{"href":"https:\/\/catolicanet.net\/wp-cnet\/wp-json\/wp\/v2\/posts\/32465","targetHints":{"allow":["GET"]}}],"collection":[{"href":"https:\/\/catolicanet.net\/wp-cnet\/wp-json\/wp\/v2\/posts"}],"about":[{"href":"https:\/\/catolicanet.net\/wp-cnet\/wp-json\/wp\/v2\/types\/post"}],"author":[{"embeddable":true,"href":"https:\/\/catolicanet.net\/wp-cnet\/wp-json\/wp\/v2\/users\/1"}],"replies":[{"embeddable":true,"href":"https:\/\/catolicanet.net\/wp-cnet\/wp-json\/wp\/v2\/comments?post=32465"}],"version-history":[{"count":1,"href":"https:\/\/catolicanet.net\/wp-cnet\/wp-json\/wp\/v2\/posts\/32465\/revisions"}],"predecessor-version":[{"id":32467,"href":"https:\/\/catolicanet.net\/wp-cnet\/wp-json\/wp\/v2\/posts\/32465\/revisions\/32467"}],"wp:featuredmedia":[{"embeddable":true,"href":"https:\/\/catolicanet.net\/wp-cnet\/wp-json\/wp\/v2\/media\/32466"}],"wp:attachment":[{"href":"https:\/\/catolicanet.net\/wp-cnet\/wp-json\/wp\/v2\/media?parent=32465"}],"wp:term":[{"taxonomy":"category","embeddable":true,"href":"https:\/\/catolicanet.net\/wp-cnet\/wp-json\/wp\/v2\/categories?post=32465"},{"taxonomy":"post_tag","embeddable":true,"href":"https:\/\/catolicanet.net\/wp-cnet\/wp-json\/wp\/v2\/tags?post=32465"}],"curies":[{"name":"wp","href":"https:\/\/api.w.org\/{rel}","templated":true}]}}