{"id":32462,"date":"2017-07-03T14:30:14","date_gmt":"2017-07-03T17:30:14","guid":{"rendered":"http:\/\/catolicanet.net\/wp-cnet\/?p=32462"},"modified":"2017-07-03T16:34:48","modified_gmt":"2017-07-03T19:34:48","slug":"papa-pede-uma-solucao-pacifica-e-democratica-para-a-crise-na-venezuela","status":"publish","type":"post","link":"https:\/\/catolicanet.net\/wp-cnet\/papa-pede-uma-solucao-pacifica-e-democratica-para-a-crise-na-venezuela\/","title":{"rendered":"Papa pede uma solu\u00e7\u00e3o pac\u00edfica e democr\u00e1tica para a crise na Venezuela"},"content":{"rendered":"<p>Vaticano, 03 Jul. 17 \/ 10:30 am (ACI).- O Papa Francisco segue com o cora\u00e7\u00e3o na Venezuela devido \u00e0 dram\u00e1tica situa\u00e7\u00e3o que o povo est\u00e1 vivendo, e depois de rezar o \u00c2ngelus no domingo, fez um novo apelo a p\u00f4r fim \u00e0 viol\u00eancia e incentivou a encontrar \u201cuma solu\u00e7\u00e3o pac\u00edfica e democr\u00e1tica para a crise\u201d.<\/p>\n<p>\u201cEm 5 de julho, recorre a Festa de Independ\u00eancia da Venezuela. Asseguro a minha ora\u00e7\u00e3o por esta querida na\u00e7\u00e3o e exprimo a minha proximidade \u00e0s fam\u00edlias que perderam os seus filhos nas manifesta\u00e7\u00f5es de rua\u201d.<\/p>\n<p>\u201cFa\u00e7o um apelo para que se coloque fim \u00e0 viol\u00eancia e seja encontrada uma solu\u00e7\u00e3o pac\u00edfica e democr\u00e1tica para a crise. Que Nossa Senhora de Coromoto interceda pela Venezuela\u201d.<\/p>\n<p>Em seguida, o Papa convidou a rezar a Ave Maria.<\/p>\n<p>No dia 8 de junho, alguns bispos da Confer\u00eancia Episcopal da Venezuela se reuniram como Papa no Vaticano para lhe dar detalhes da situa\u00e7\u00e3o que o pa\u00eds atravessa.<\/p>\n<p>H\u00e1 meses, os protestos contra o regime venezuelano n\u00e3o se det\u00eam e os manifestantes sofrem a viol\u00eancia e a repress\u00e3o por parte das for\u00e7as de ordem. Estima-se que cerca de 86 pessoas morreram durante os protestos, embora o Minist\u00e9rio P\u00fablico reconhe\u00e7a apenas 75 falecidos.<\/p>\n<p>A popula\u00e7\u00e3o tenta sobreviver com a escassez de rem\u00e9dios e alimentos, resultado das decis\u00f5es do governo do presidente Nicol\u00e1s Maduro.<\/p>\n<p>Em declara\u00e7\u00f5es aos meios de comunica\u00e7\u00e3o, o presidente da Confer\u00eancia Episcopal Venezuelana (CEV), Dom Diego Padr\u00f3n, afirmou h\u00e1 alguns dias que o Papa Francisco est\u00e1 \u201crealmente comovido pela situa\u00e7\u00e3o\u201d do pa\u00eds e assegurou que apoia as a\u00e7\u00f5es dos bispos para diminuir os efeitos que a crise tem na vida da popula\u00e7\u00e3o.<\/p>\n<p>&nbsp;<\/p>\n<p>Fonte: Acidigital<\/p>\n","protected":false},"excerpt":{"rendered":"<p>Vaticano, 03 Jul. 17 \/ 10:30 am (ACI).- O Papa Francisco segue com o cora\u00e7\u00e3o na Venezuela devido \u00e0 dram\u00e1tica situa\u00e7\u00e3o que o povo est\u00e1 vivendo, e depois de rezar o \u00c2ngelus no domingo, fez um novo apelo a p\u00f4r fim \u00e0 viol\u00eancia e incentivou a encontrar \u201cuma solu\u00e7\u00e3o pac\u00edfica e democr\u00e1tica para a crise\u201d. [&hellip;]<\/p>\n","protected":false},"author":1,"featured_media":32463,"comment_status":"open","ping_status":"open","sticky":false,"template":"","format":"standard","meta":{"footnotes":""},"categories":[4],"tags":[],"class_list":["post-32462","post","type-post","status-publish","format-standard","has-post-thumbnail","hentry","category-cotidiano"],"_links":{"self":[{"href":"https:\/\/catolicanet.net\/wp-cnet\/wp-json\/wp\/v2\/posts\/32462","targetHints":{"allow":["GET"]}}],"collection":[{"href":"https:\/\/catolicanet.net\/wp-cnet\/wp-json\/wp\/v2\/posts"}],"about":[{"href":"https:\/\/catolicanet.net\/wp-cnet\/wp-json\/wp\/v2\/types\/post"}],"author":[{"embeddable":true,"href":"https:\/\/catolicanet.net\/wp-cnet\/wp-json\/wp\/v2\/users\/1"}],"replies":[{"embeddable":true,"href":"https:\/\/catolicanet.net\/wp-cnet\/wp-json\/wp\/v2\/comments?post=32462"}],"version-history":[{"count":1,"href":"https:\/\/catolicanet.net\/wp-cnet\/wp-json\/wp\/v2\/posts\/32462\/revisions"}],"predecessor-version":[{"id":32464,"href":"https:\/\/catolicanet.net\/wp-cnet\/wp-json\/wp\/v2\/posts\/32462\/revisions\/32464"}],"wp:featuredmedia":[{"embeddable":true,"href":"https:\/\/catolicanet.net\/wp-cnet\/wp-json\/wp\/v2\/media\/32463"}],"wp:attachment":[{"href":"https:\/\/catolicanet.net\/wp-cnet\/wp-json\/wp\/v2\/media?parent=32462"}],"wp:term":[{"taxonomy":"category","embeddable":true,"href":"https:\/\/catolicanet.net\/wp-cnet\/wp-json\/wp\/v2\/categories?post=32462"},{"taxonomy":"post_tag","embeddable":true,"href":"https:\/\/catolicanet.net\/wp-cnet\/wp-json\/wp\/v2\/tags?post=32462"}],"curies":[{"name":"wp","href":"https:\/\/api.w.org\/{rel}","templated":true}]}}