{"id":3243,"date":"2023-10-29T00:00:00","date_gmt":"2023-10-29T03:00:00","guid":{"rendered":"http:\/\/catolicanet.net\/wp-cnet\/sao-narciso\/"},"modified":"2023-01-02T17:29:09","modified_gmt":"2023-01-02T20:29:09","slug":"sao-narciso","status":"publish","type":"post","link":"https:\/\/catolicanet.net\/wp-cnet\/sao-narciso\/","title":{"rendered":"S\u00e3o Narciso"},"content":{"rendered":"<p style=\"text-align: justify;\">N\u00e3o faltam informa\u00e7\u00f5es sobre este longevo bispo de Jerusal\u00e9m: Eus\u00e9bio dedica um inteiro cap\u00edtulo de sua Hist\u00f3ria eclesi\u00e1stica aos milagres realizados pelo santo \u2014 dentre os quais o mais conhecido foi o de transformar a \u00e1gua em azeite para alimentar as lamparinas da igreja.<\/p>\n<p>Por Eus\u00e9bio ficamos sabendo que Narciso foi o 15o bispo de Jerusal\u00e9m e presidiu o s\u00ednodo no qual se decidiu, entre outras resolu\u00e7\u00f5es, uniformizar com base na Igreja de Roma a data da celebra\u00e7\u00e3o da P\u00e1scoa. As inova\u00e7\u00f5es n\u00e3o agradaram a todos; talvez por causa dessa sua iniciativa, algu\u00e9m tenha cogitado em dele se desembara\u00e7ar, tramando para tal uma acusa\u00e7\u00e3o infamante.<\/p>\n<p>Narciso n\u00e3o julgou oportuno defender-se e, para n\u00e3o dividir a pr\u00f3pria comunidade em inocentistas e culpabilistas, preferiu desaparecer da sociedade. Foi viver como eremita perto do deserto, at\u00e9 que uma das testemunhas que havia jurado em falso decidiu dizer a verdade. Mas tinham-se passado j\u00e1 muitos anos desde o desaparecimento de Narciso, e os crist\u00e3os de Jerusal\u00e9m, considerando-o morto, elegeram um novo bispo.<\/p>\n<p>Com estupor, mas tamb\u00e9m com grande alegria, viram-no reaparecer e rogaram-lhe que retomasse seu posto. Narciso aceitou, mas quis ter a seu lado um coadjutor escolhido por ele. Assim p\u00f4de confiar a cura pastoral ao amigo Alexandre, ent\u00e3o bispo na Capad\u00f3cia, que ficou junto dele nos seus \u00faltimos dez anos de vida.<\/p>\n<p>Por meio de uma carta do bispo Alexandre aos fi\u00e9is de Ant\u00ednoe, no Egito, ficamos sabendo da longevidade de Narciso. Nela se l\u00ea: \u201cSa\u00fada-vos Narciso, que antes de mim ocupou esta sede episcopal e agora est\u00e1 colocado na mesma categoria que eu nas ora\u00e7\u00f5es. Ele agora completou 116 anos e vos exorta, como eu, \u00e0 conc\u00f3rdia\u201d.<\/p>\n<p>Assim como a Igreja grega comemora s\u00e3o Narciso, a Igreja latina recorda neste dia santa Ana, a Jovem (\u2020820), cuja hist\u00f3ria ofereceu o mote para contos fantasiosos.<\/p>\n<p>Nascida de boa fam\u00edlia de Constantinopla, foi casada contra a pr\u00f3pria vontade. Ao ficar vi\u00fava, vestiu roupas masculinas e com o nome de Eufemiano foi acolhida entre os monges do monte Olimpo. Sua verdadeira identidade s\u00f3 foi descoberta depois da morte.<\/p>\n<p style=\"text-align: justify;\">S\u00e3o Narciso, rogai por n\u00f3s!<\/p>\n","protected":false},"excerpt":{"rendered":"<p>N\u00e3o faltam informa\u00e7\u00f5es sobre este longevo bispo de Jerusal\u00e9m: Eus\u00e9bio dedica um inteiro cap\u00edtulo de sua Hist\u00f3ria eclesi\u00e1stica aos milagres realizados pelo santo \u2014 dentre os quais o mais conhecido foi o de transformar a \u00e1gua em azeite para alimentar as lamparinas da igreja. Por Eus\u00e9bio ficamos sabendo que Narciso foi o 15o bispo de [&hellip;]<\/p>\n","protected":false},"author":1,"featured_media":22942,"comment_status":"closed","ping_status":"closed","sticky":false,"template":"","format":"standard","meta":{"footnotes":""},"categories":[32],"tags":[],"class_list":["post-3243","post","type-post","status-publish","format-standard","has-post-thumbnail","hentry","category-santo-do-dia"],"_links":{"self":[{"href":"https:\/\/catolicanet.net\/wp-cnet\/wp-json\/wp\/v2\/posts\/3243","targetHints":{"allow":["GET"]}}],"collection":[{"href":"https:\/\/catolicanet.net\/wp-cnet\/wp-json\/wp\/v2\/posts"}],"about":[{"href":"https:\/\/catolicanet.net\/wp-cnet\/wp-json\/wp\/v2\/types\/post"}],"author":[{"embeddable":true,"href":"https:\/\/catolicanet.net\/wp-cnet\/wp-json\/wp\/v2\/users\/1"}],"replies":[{"embeddable":true,"href":"https:\/\/catolicanet.net\/wp-cnet\/wp-json\/wp\/v2\/comments?post=3243"}],"version-history":[{"count":3,"href":"https:\/\/catolicanet.net\/wp-cnet\/wp-json\/wp\/v2\/posts\/3243\/revisions"}],"predecessor-version":[{"id":22943,"href":"https:\/\/catolicanet.net\/wp-cnet\/wp-json\/wp\/v2\/posts\/3243\/revisions\/22943"}],"wp:featuredmedia":[{"embeddable":true,"href":"https:\/\/catolicanet.net\/wp-cnet\/wp-json\/wp\/v2\/media\/22942"}],"wp:attachment":[{"href":"https:\/\/catolicanet.net\/wp-cnet\/wp-json\/wp\/v2\/media?parent=3243"}],"wp:term":[{"taxonomy":"category","embeddable":true,"href":"https:\/\/catolicanet.net\/wp-cnet\/wp-json\/wp\/v2\/categories?post=3243"},{"taxonomy":"post_tag","embeddable":true,"href":"https:\/\/catolicanet.net\/wp-cnet\/wp-json\/wp\/v2\/tags?post=3243"}],"curies":[{"name":"wp","href":"https:\/\/api.w.org\/{rel}","templated":true}]}}