{"id":32412,"date":"2017-06-30T14:49:11","date_gmt":"2017-06-30T17:49:11","guid":{"rendered":"http:\/\/catolicanet.net\/wp-cnet\/?p=32412"},"modified":"2017-07-03T15:40:34","modified_gmt":"2017-07-03T18:40:34","slug":"padre-fortea-imagina-um-templo-magnificente-para-conferencias-episcopais-em-novo-livro","status":"publish","type":"post","link":"https:\/\/catolicanet.net\/wp-cnet\/padre-fortea-imagina-um-templo-magnificente-para-conferencias-episcopais-em-novo-livro\/","title":{"rendered":"Padre Fortea imagina um \u201ctemplo magnificente\u201d para Confer\u00eancias Episcopais em novo livro"},"content":{"rendered":"<p>REDA\u00c7\u00c3O CENTRAL.Em seu novo livro \u201cTemplo Atanasiano\u201d, dispon\u00edvel de forma gratuita em espanhol para os leitores do Grupo ACI, o famoso te\u00f3logo espanhol Jos\u00e9 Antonio Fortea imagina um \u201ctemplo magnificente\u201d que sirva de \u201csede das Confer\u00eancias Episcopais\u201d.<\/p>\n<p>Pe. Fortea explica que o desenho proposto em seu livro \u00e9 de \u201cum edif\u00edcio espec\u00edfico para uma fun\u00e7\u00e3o espec\u00edfica, e um edif\u00edcio que \u00e9 funcional, mas que seja express\u00e3o da teologia\u201d.<\/p>\n<p>O sacerdote espanhol lamenta na introdu\u00e7\u00e3o do seu livro que \u201ctodos os edif\u00edcios das Confer\u00eancias Episcopais estejam dotados, sem exce\u00e7\u00e3o, de uma caracter\u00edstica e especial feiura\u201d.<\/p>\n<p>\u201cIsso ocorre porque em todos os pa\u00edses quiseram dar uma impress\u00e3o de simplicidade e evitar a ostenta\u00e7\u00e3o\u201d, explica e acrescenta que \u201cn\u00e3o h\u00e1 nada de errado em evitar a ostenta\u00e7\u00e3o\u201d.<\/p>\n<p>\u201cO problema \u00e9 que os cl\u00e9rigos respons\u00e1veis pelos projetos dos arquitetos se esfor\u00e7aram para construir perfeitos an\u00f3dinos edif\u00edcios cinzas de escrit\u00f3rios para os bispos\u201d, assinala.<\/p>\n<p>O Pe. Fortea indica que em seu novo livro descreve \u201calgo que rompe radicalmente com essa realidade feia e supostamente funcional\u201d.<\/p>\n<p>\u201cO tipo de templo que se descreve aqui sup\u00f5e uma vis\u00e3o triunfante do mist\u00e9rio da Igreja: a Igreja reunida em uma gozosa exclama\u00e7\u00e3o pela alegria da Ressurrei\u00e7\u00e3o. Um templo magnificente porque \u00e9 a materializa\u00e7\u00e3o dos nossos cantos exultantes\u201d, assinala.<\/p>\n<p>\u201cO que antes eram simples edif\u00edcios de escrit\u00f3rios devem dar lugar a uma arquitetura que mostre esta vit\u00f3ria que transformou a Hist\u00f3ria. Sem pensar que ao faz\u00ea-lo, estamos esquecendo os pobres. N\u00e3o se pode esquecer nem de um nem do outro\u201d.<\/p>\n<p>No edif\u00edcio proposto, acrescenta, \u201cos bispos, ao se dirigirem a uma reuni\u00e3o plen\u00e1ria, favoreceria que tivessem a impress\u00e3o de subir o Monte Si\u00e3o, a ideia de subir o Templo\u201d.<\/p>\n<p>\u201cPara isso, deve-se criar um santu\u00e1rio que ofere\u00e7a esse esp\u00edrito de sacralidade. Se cada bispo j\u00e1 tem a sua pr\u00f3pria catedral, este santu\u00e1rio de todos os bispos deveria dar um passo a mais\u201d, explica.<\/p>\n<p>Para baixar o livro \u201cTemplo Atanasiano\u201d e outros textos do Pe. Fortea, em espanhol, pode acessar aqui.<\/p>\n<p>&nbsp;<\/p>\n<p>Fonte: Acidigital<\/p>\n","protected":false},"excerpt":{"rendered":"<p>REDA\u00c7\u00c3O CENTRAL.Em seu novo livro \u201cTemplo Atanasiano\u201d, dispon\u00edvel de forma gratuita em espanhol para os leitores do Grupo ACI, o famoso te\u00f3logo espanhol Jos\u00e9 Antonio Fortea imagina um \u201ctemplo magnificente\u201d que sirva de \u201csede das Confer\u00eancias Episcopais\u201d. Pe. Fortea explica que o desenho proposto em seu livro \u00e9 de \u201cum edif\u00edcio espec\u00edfico para uma fun\u00e7\u00e3o [&hellip;]<\/p>\n","protected":false},"author":1,"featured_media":32413,"comment_status":"open","ping_status":"open","sticky":false,"template":"","format":"standard","meta":{"footnotes":""},"categories":[4],"tags":[],"class_list":["post-32412","post","type-post","status-publish","format-standard","has-post-thumbnail","hentry","category-cotidiano"],"_links":{"self":[{"href":"https:\/\/catolicanet.net\/wp-cnet\/wp-json\/wp\/v2\/posts\/32412","targetHints":{"allow":["GET"]}}],"collection":[{"href":"https:\/\/catolicanet.net\/wp-cnet\/wp-json\/wp\/v2\/posts"}],"about":[{"href":"https:\/\/catolicanet.net\/wp-cnet\/wp-json\/wp\/v2\/types\/post"}],"author":[{"embeddable":true,"href":"https:\/\/catolicanet.net\/wp-cnet\/wp-json\/wp\/v2\/users\/1"}],"replies":[{"embeddable":true,"href":"https:\/\/catolicanet.net\/wp-cnet\/wp-json\/wp\/v2\/comments?post=32412"}],"version-history":[{"count":1,"href":"https:\/\/catolicanet.net\/wp-cnet\/wp-json\/wp\/v2\/posts\/32412\/revisions"}],"predecessor-version":[{"id":32414,"href":"https:\/\/catolicanet.net\/wp-cnet\/wp-json\/wp\/v2\/posts\/32412\/revisions\/32414"}],"wp:featuredmedia":[{"embeddable":true,"href":"https:\/\/catolicanet.net\/wp-cnet\/wp-json\/wp\/v2\/media\/32413"}],"wp:attachment":[{"href":"https:\/\/catolicanet.net\/wp-cnet\/wp-json\/wp\/v2\/media?parent=32412"}],"wp:term":[{"taxonomy":"category","embeddable":true,"href":"https:\/\/catolicanet.net\/wp-cnet\/wp-json\/wp\/v2\/categories?post=32412"},{"taxonomy":"post_tag","embeddable":true,"href":"https:\/\/catolicanet.net\/wp-cnet\/wp-json\/wp\/v2\/tags?post=32412"}],"curies":[{"name":"wp","href":"https:\/\/api.w.org\/{rel}","templated":true}]}}