{"id":32397,"date":"2017-06-30T10:50:27","date_gmt":"2017-06-30T13:50:27","guid":{"rendered":"http:\/\/catolicanet.net\/wp-cnet\/?p=32397"},"modified":"2017-07-03T14:39:20","modified_gmt":"2017-07-03T17:39:20","slug":"papa-os-pobres-sao-os-primeiros-a-sentir-efeitos-da-corrupcao","status":"publish","type":"post","link":"https:\/\/catolicanet.net\/wp-cnet\/papa-os-pobres-sao-os-primeiros-a-sentir-efeitos-da-corrupcao\/","title":{"rendered":"Papa: os pobres s\u00e3o os primeiros a sentir efeitos da corrup\u00e7\u00e3o"},"content":{"rendered":"<p>Cidade do Vaticano -\u201cEncorajo-os no compromisso de voc\u00eas em favor do bem comum em nosso continente americano, e a colabora\u00e7\u00e3o entre todos possa favorecer a constru\u00e7\u00e3o de um mundo sempre mais humano e mais justo.\u201d<\/p>\n<p><a href=\"http:\/\/media02.radiovaticana.va\/audio\/audio2\/mp3\/00587472.mp3\">Clique aqui para ouvir:<\/a><\/p>\n<p>Foi a exorta\u00e7\u00e3o do Papa Francisco aos cerca de 200 membros da Organiza\u00e7\u00e3o Internacional \u00cdtalo-Latino-Americana, recebidos em audi\u00eancia esta sexta-feira (30\/06) na Sala Clementina, no Vaticano, por ocasi\u00e3o do 50\u00ba anivers\u00e1rio da organiza\u00e7\u00e3o.<\/p>\n<p>No discurso que dirigiu aos presentes, o Santo Padre destacou, entre as finalidades da organiza\u00e7\u00e3o, promover o desenvolvimento e a coordena\u00e7\u00e3o, bem como identificar as possibilidades de assist\u00eancia rec\u00edproca e de a\u00e7\u00e3o comum entre os pa\u00edses membros.<\/p>\n<p>Atendo-se a este fim, o Pont\u00edfice articulou seu discurso em tr\u00eas aspectos que considera importantes para o momento atual: identificar as potencialidades, coordenar e promover.<\/p>\n<p>Discorrendo sobre o primeiro aspecto, Francisco destacou que os pa\u00edses da Am\u00e9rica Latina s\u00e3o ricos de hist\u00f3ria, cultura e recursos naturais; ademais, t\u00eam um povo \u201cbom\u201d e solid\u00e1rio com os outros povos, como \u201cfoi comprovado por ocasi\u00e3o das recentes calamidades naturais, como se ajudaram reciprocamente, dando exemplo a toda a comunidade internacional\u201d.<\/p>\n<p>O Santo Padre observou que todos esses valores sociais est\u00e3o presentes, mas devem ser apreciados e refor\u00e7ados:<\/p>\n<p>Apesar desses bens do continente, a atual crise econ\u00f4mica e social atingiu a popula\u00e7\u00e3o e produziu o aumento da pobreza, do desemprego, da desigualdade social, bem como a explora\u00e7\u00e3o e o abuso da nossa casa comum. Diante dessa situa\u00e7\u00e3o \u00e9 preciso uma an\u00e1lise que leve em considera\u00e7\u00e3o a realidade das pessoas concretas, a realidade do nosso povo.\u201d<\/p>\n<p>Destacando o segundo aspecto, o Papa frisou que \u00e9 preciso coordenar os esfor\u00e7os para dar respostas concretas e para fazer frente \u00e0s inst\u00e2ncias e \u00e0s necessidades dos filhos e das filhas dos nossos pa\u00edses.<\/p>\n<p>\u201cCoordenar n\u00e3o significa deixar que os outros fa\u00e7am e no final aprovar, ao inv\u00e9s, comporta muito tempo e muito esfor\u00e7o; \u00e9 um trabalho que n\u00e3o aparece e \u00e9 pouco apreciado, mas necess\u00e1rio\u201d, observou ainda, atendo-se em seguida ao fen\u00f4meno da emigra\u00e7\u00e3o na Am\u00e9rica Latina:<\/p>\n<p>\u201cDiante de um mundo globalizado e sempre mais complexo, a Am\u00e9rica Latina deve unir os esfor\u00e7os para fazer frente ao fen\u00f4meno da emigra\u00e7\u00e3o; e grande parte de suas causas j\u00e1 deveriam ter sido enfrentadas h\u00e1 muito tempo, mas nunca \u00e9 tarde demais.\u201d<\/p>\n<p>Ap\u00f3s recordar que a emigra\u00e7\u00e3o sempre existiu, frisou que esta nos \u00faltimos anos teve um incremento jamais visto antes. \u201cNosso povo, impelido pela necessidade, vai em busca de \u2018novos o\u00e1sis\u2019, onde possa encontrar maiores estabilidades e um trabalho que assegure maior dignidade \u00e0 vida\u201d.<\/p>\n<p>Mas nessa busca, acrescentou o Pont\u00edfice, muitas pessoas sofrem a viola\u00e7\u00e3o de seus direitos\u201d; muitas crian\u00e7as e jovens s\u00e3o v\u00edtimas do tr\u00e1fico de seres humanos e s\u00e3o exploradas, \u201cou caem nas redes da criminalidade e da viol\u00eancia organizada.<\/p>\n<p>\u201cA emigra\u00e7\u00e3o \u00e9 um drama de divis\u00e3o: dividem-se as fam\u00edlias, os filhos se separam dos pais, distanciam-se da terra de origem, e os pr\u00f3prios governos e os pa\u00edses se dividem diante dessa realidade. \u00c9 preciso uma pol\u00edtica conjunta de coopera\u00e7\u00e3o para enfrentar esse fen\u00f4meno. N\u00e3o se trata de buscar culpados e de esquivar-se de responsabilidades, mas todos somos chamados a trabalhar de maneira coordenada e conjunta.\u201d<\/p>\n<p>Por fim, atendo-se ao terceiro aspecto, Francisco observou que entre as muitas a\u00e7\u00f5es que se poderiam realizar, considera emergir por import\u00e2ncia \u201ca promo\u00e7\u00e3o de uma cultura do di\u00e1logo.<\/p>\n<p>Em seguida, o Santo Padre reconheceu que alguns pa\u00edses da Am\u00e9rica Latina est\u00e3o passando por momentos dif\u00edceis em n\u00edvel pol\u00edtico, social e econ\u00f4mico:<\/p>\n<p>\u201cOs cidad\u00e3os que disp\u00f5em de menos recursos s\u00e3o os primeiros a perceber a corrup\u00e7\u00e3o que existe nos v\u00e1rios estratos sociais e a m\u00e1 distribui\u00e7\u00e3o das riquezas. Sei que muitos pa\u00edses trabalham e lutam para realizar uma sociedade mais justa, promovendo uma cultura da legalidade\u201d, reconheceu Francisco.<\/p>\n<p>O Papa prosseguiu destacando que \u201ca promo\u00e7\u00e3o do di\u00e1logo pol\u00edtico \u00e9 essencial, tanto entre os v\u00e1rios membros desta Associa\u00e7\u00e3o, quanto com os pa\u00edses de outros continentes, de modo especial com os da Europa, por la\u00e7os que os unem\u201d.<\/p>\n<p>O di\u00e1logo \u00e9 indispens\u00e1vel, concluiu Francisco, \u201cmas n\u00e3o o \u2018di\u00e1logo entre surdos\u2019! Requer uma atitude receptiva que acolha sugest\u00f5es e partilhe aspira\u00e7\u00f5es\u201d.<\/p>\n<p>A Organiza\u00e7\u00e3o Internacional \u00cdtalo-Latino-Americana \u00e9 um organismo criado em Roma em 1966, cujos pa\u00edses membros s\u00e3o Argentina, Bol\u00edvia, Brasil, Chile, Col\u00f4mbia, Costa Rica, Cuba, Equador, El Salvador, Guatemala, Haiti, Honduras, It\u00e1lia, M\u00e9xico, Nicar\u00e1gua, Panam\u00e1, Paraguai, Peru, Rep\u00fablica Dominicana, Uruguai e Venezuela.<\/p>\n<p>&nbsp;<\/p>\n<p>Fonte: R\u00e1dio Vaticano<\/p>\n","protected":false},"excerpt":{"rendered":"<p>Cidade do Vaticano -\u201cEncorajo-os no compromisso de voc\u00eas em favor do bem comum em nosso continente americano, e a colabora\u00e7\u00e3o entre todos possa favorecer a constru\u00e7\u00e3o de um mundo sempre mais humano e mais justo.\u201d Clique aqui para ouvir: Foi a exorta\u00e7\u00e3o do Papa Francisco aos cerca de 200 membros da Organiza\u00e7\u00e3o Internacional \u00cdtalo-Latino-Americana, recebidos [&hellip;]<\/p>\n","protected":false},"author":1,"featured_media":32398,"comment_status":"open","ping_status":"open","sticky":false,"template":"","format":"standard","meta":{"footnotes":""},"categories":[3],"tags":[],"class_list":["post-32397","post","type-post","status-publish","format-standard","has-post-thumbnail","hentry","category-vaticano"],"_links":{"self":[{"href":"https:\/\/catolicanet.net\/wp-cnet\/wp-json\/wp\/v2\/posts\/32397","targetHints":{"allow":["GET"]}}],"collection":[{"href":"https:\/\/catolicanet.net\/wp-cnet\/wp-json\/wp\/v2\/posts"}],"about":[{"href":"https:\/\/catolicanet.net\/wp-cnet\/wp-json\/wp\/v2\/types\/post"}],"author":[{"embeddable":true,"href":"https:\/\/catolicanet.net\/wp-cnet\/wp-json\/wp\/v2\/users\/1"}],"replies":[{"embeddable":true,"href":"https:\/\/catolicanet.net\/wp-cnet\/wp-json\/wp\/v2\/comments?post=32397"}],"version-history":[{"count":1,"href":"https:\/\/catolicanet.net\/wp-cnet\/wp-json\/wp\/v2\/posts\/32397\/revisions"}],"predecessor-version":[{"id":32399,"href":"https:\/\/catolicanet.net\/wp-cnet\/wp-json\/wp\/v2\/posts\/32397\/revisions\/32399"}],"wp:featuredmedia":[{"embeddable":true,"href":"https:\/\/catolicanet.net\/wp-cnet\/wp-json\/wp\/v2\/media\/32398"}],"wp:attachment":[{"href":"https:\/\/catolicanet.net\/wp-cnet\/wp-json\/wp\/v2\/media?parent=32397"}],"wp:term":[{"taxonomy":"category","embeddable":true,"href":"https:\/\/catolicanet.net\/wp-cnet\/wp-json\/wp\/v2\/categories?post=32397"},{"taxonomy":"post_tag","embeddable":true,"href":"https:\/\/catolicanet.net\/wp-cnet\/wp-json\/wp\/v2\/tags?post=32397"}],"curies":[{"name":"wp","href":"https:\/\/api.w.org\/{rel}","templated":true}]}}