{"id":3237,"date":"2013-10-28T16:17:14","date_gmt":"2013-10-28T18:17:14","guid":{"rendered":"http:\/\/catolicanet.net\/wp-cnet\/a-tragedia-de-lampedusa-tambem-e-uma-responsabilidade-africana-afirmam-os-bispos-do-continente\/"},"modified":"2017-03-23T14:29:37","modified_gmt":"2017-03-23T17:29:37","slug":"a-tragedia-de-lampedusa-tambem-e-uma-responsabilidade-africana-afirmam-os-bispos-do-continente","status":"publish","type":"post","link":"https:\/\/catolicanet.net\/wp-cnet\/a-tragedia-de-lampedusa-tambem-e-uma-responsabilidade-africana-afirmam-os-bispos-do-continente\/","title":{"rendered":"\u201cA trag\u00e9dia de Lampedusa tamb\u00e9m \u00e9 uma responsabilidade africana\u201d, afirmam os bispos do continente"},"content":{"rendered":"<p style=\"text-align: justify;\"><img decoding=\"async\" src=\"http:\/\/catolicanet.com.br\/images\/stories\/pessoasnapedradefrenteaomar.jpg\" border=\"0\" align=\"left\" \/>A falta de liberdade e a busca de melhores condi\u00e7\u00f5es de vida est\u00e3o na base de trag\u00e9dias como a que ocorreu em 3 de outubro na ilha italiana de Lampedusa, afirma um comunicado enviado do Simp\u00f3sio das Confer\u00eancias Episcopais de \u00c1frica e Madagascar (SECAM\/SCEAM). No naufr\u00e1gio do barco repleto de migrantes provenientes do Chifre da \u00c1frica morreram cerca de 360 pessoas.<\/p>\n<p>\u201c\u00c9 surpreendente \u2013 afirma a nota \u2013 que tantos refugiados da \u00c1frica oriental continuem a empreender a perigosa viagem rumo \u00e0 Europa em busca da \u2018liberdade\u2019 por causa das graves condi\u00e7\u00f5es pol\u00edticas e econ\u00f4micas de seus pa\u00edses de origem.\u201d<\/p>\n<p>Os bispos africanos destacam em especial as condi\u00e7\u00f5es da Som\u00e1lia e da Eritreia, os dois pa\u00edses de onde prov\u00e9m a maior parte das pessoas envolvidas na trag\u00e9dia de Lampedusa.<\/p>\n<p>\u201cNo caso da Som\u00e1lia, as mil\u00edcias al Shabaab aterrorizam a popula\u00e7\u00e3o desde 1994. Esta longa guerra provocou graves problemas sociais e econ\u00f4micos. Tamb\u00e9m a situa\u00e7\u00e3o pol\u00edtica na Eritreia levou muitos desses migrantes a fugir de seu pa\u00eds. N\u00e3o existe qualquer forma de liberdade, n\u00e3o existe imprensa livre nem liberdade religiosa e nenhum direito de assembleia. Essas pessoas afirmam que buscam dar um sentido a sua vida.\u201d<\/p>\n<p>Recordando a Carta Pastoral dos bispos africanos, \u201cGovernan\u00e7a, bem comum e transi\u00e7\u00f5es democr\u00e1ticas na \u00c1frica\u201d, o comunicado prossegue: \u201cO drama da migra\u00e7\u00e3o, com um crescente n\u00famero de jovens que correm risco de vida para abandonar a \u00c1frica, reflete a profundidade do mal-estar de um continente onde ainda s\u00e3o fortes as resist\u00eancias para garantir trabalho, educa\u00e7\u00e3o e sa\u00fade \u00e0s pr\u00f3prias popula\u00e7\u00f5es\u201d.<\/p>\n<p>O bispos do SECAM afirmam ainda que \u201cdepois de mais de 50 anos de independ\u00eancia, a \u00c1frica ainda \u00e9 ref\u00e9m da viol\u00eancia sem fim, de grupos armados ilegais que continuam a amea\u00e7ar a seguran\u00e7a da popula\u00e7\u00e3o e de seus bens que, por sua vez, provocam a fuga das pessoas, como no caso do acidente de Lampedusa\u201d.<\/p>\n<p>O documento se conclui com um apelo \u00e0 responsabilidade das institui\u00e7\u00f5es africanas para que operem para coordenar as pol\u00edticas de controle de fluxos migrat\u00f3rios e, sobretudo, iniciem um processo de melhoramento das condi\u00e7\u00f5es de vida de seus Estados. Pede-se ainda \u00e0 Europa que reveja a pr\u00f3pria legisla\u00e7\u00e3o migrat\u00f3ria e trate \u201cesses migrantes com maior compaix\u00e3o\u201d.<\/p>\n<p style=\"text-align: justify;\">\u00a0<\/p>\n<p style=\"text-align: justify;\"><strong>Local: Roma <br \/>Fonte: R\u00e1dio Vaticano<\/strong><\/p>\n","protected":false},"excerpt":{"rendered":"<p>A falta de liberdade e a busca de melhores condi\u00e7\u00f5es de vida est\u00e3o na base de trag\u00e9dias como a que ocorreu em 3 de outubro na ilha italiana de Lampedusa, afirma um comunicado enviado do Simp\u00f3sio das Confer\u00eancias Episcopais de \u00c1frica e Madagascar (SECAM\/SCEAM). No naufr\u00e1gio do barco repleto de migrantes provenientes do Chifre da [&hellip;]<\/p>\n","protected":false},"author":1,"featured_media":0,"comment_status":"closed","ping_status":"closed","sticky":false,"template":"","format":"standard","meta":{"footnotes":""},"categories":[3],"tags":[],"class_list":["post-3237","post","type-post","status-publish","format-standard","hentry","category-vaticano"],"_links":{"self":[{"href":"https:\/\/catolicanet.net\/wp-cnet\/wp-json\/wp\/v2\/posts\/3237","targetHints":{"allow":["GET"]}}],"collection":[{"href":"https:\/\/catolicanet.net\/wp-cnet\/wp-json\/wp\/v2\/posts"}],"about":[{"href":"https:\/\/catolicanet.net\/wp-cnet\/wp-json\/wp\/v2\/types\/post"}],"author":[{"embeddable":true,"href":"https:\/\/catolicanet.net\/wp-cnet\/wp-json\/wp\/v2\/users\/1"}],"replies":[{"embeddable":true,"href":"https:\/\/catolicanet.net\/wp-cnet\/wp-json\/wp\/v2\/comments?post=3237"}],"version-history":[{"count":1,"href":"https:\/\/catolicanet.net\/wp-cnet\/wp-json\/wp\/v2\/posts\/3237\/revisions"}],"predecessor-version":[{"id":7643,"href":"https:\/\/catolicanet.net\/wp-cnet\/wp-json\/wp\/v2\/posts\/3237\/revisions\/7643"}],"wp:attachment":[{"href":"https:\/\/catolicanet.net\/wp-cnet\/wp-json\/wp\/v2\/media?parent=3237"}],"wp:term":[{"taxonomy":"category","embeddable":true,"href":"https:\/\/catolicanet.net\/wp-cnet\/wp-json\/wp\/v2\/categories?post=3237"},{"taxonomy":"post_tag","embeddable":true,"href":"https:\/\/catolicanet.net\/wp-cnet\/wp-json\/wp\/v2\/tags?post=3237"}],"curies":[{"name":"wp","href":"https:\/\/api.w.org\/{rel}","templated":true}]}}