{"id":32356,"date":"2017-06-29T14:02:46","date_gmt":"2017-06-29T17:02:46","guid":{"rendered":"http:\/\/catolicanet.net\/wp-cnet\/?p=32356"},"modified":"2017-07-03T13:50:33","modified_gmt":"2017-07-03T16:50:33","slug":"alcool-e-drogas-entre-os-jovens-como-acompanhar","status":"publish","type":"post","link":"https:\/\/catolicanet.net\/wp-cnet\/alcool-e-drogas-entre-os-jovens-como-acompanhar\/","title":{"rendered":"\u00c1lcool e drogas entre os jovens: como acompanhar?"},"content":{"rendered":"<p style=\"text-align: justify;\">Os primeiros que podem e devem fazer algo s\u00e3o os pais<\/p>\n<p>No programa \u201cEntre n\u00f3s\u201d, o Dr. Daniel G\u00f3mez, chefe de toxicologia do Hospital de Urg\u00eancias de C\u00f3rdoba, falou do problema das drogas e do \u00e1lcool entre os jovens. Como primeira medida, compartilhou que n\u00e3o se tem uma idade estabelecida na qual os jovens come\u00e7am a ingerir \u00e1lcool, j\u00e1 que no hospital tiveram experi\u00eancias inclusive com crian\u00e7as de 6 anos alcoolizadas. Mas a faixa et\u00e1ria de maior incid\u00eancia est\u00e1 entre os 16 e os 18 anos.<\/p>\n<p>O Dr. G\u00f3mez convidou a recordar que o \u00e1lcool \u00e9 a \u00fanica droga que mata sem estar intoxicados. Com isso, nos d\u00e1 exemplos do que o \u00e1lcool produz em nosso organismo. Ao fazer que o corpo n\u00e3o funcione com total normalidade (por exemplo, na hora de dirigir), podemos chegar a sofrer acidentes; em maior medida, gera mortes entre os adolescentes.<\/p>\n<p>O m\u00e9dico explicou que as drogas alteram nossa consci\u00eancia e c\u00e9rebro e por isso n\u00e3o s\u00e3o boas. Comparou a maconha com outras drogas e afirmou que a primeira n\u00e3o mata rapidamente, mas gera nos adolescentes danos cerebrais e muitos transtornos psicol\u00f3gicos.<\/p>\n<p>Como acompanhar nossos filhos e jovens?<\/p>\n<p>Em di\u00e1logo com a R\u00e1dio Maria, o especialista questionou: \u201cComo n\u00f3s, pais, percebemos esta realidade, como a detectamos?\u201d. A partir da\u00ed, indicou que os filhos d\u00e3o muitos sinais, e que o problema dos pais de hoje \u00e9 que est\u00e3o focados em tantos problemas externos que n\u00e3o d\u00e3o aten\u00e7\u00e3o aos problemas de casa. \u00c9 por isso que os jovens n\u00e3o compartilham seu tempo com os pais, n\u00e3o falam, n\u00e3o se comunicam, n\u00e3o t\u00eam espa\u00e7os de carinho.<\/p>\n<p>O Dr. G\u00f3mez sugeriu observar as mudan\u00e7as de comportamento dos filhos, sua forma de vestir e at\u00e9 as mudan\u00e7as nos grupos de amigos. \u201cO importante \u00e9 dedicar tempo para ver o que acontece com os jovens, falar com cada um dos seus filhos para saber o que sentem e, assim, poder evitar que cheguem a estas doen\u00e7as\u201d, disse.<\/p>\n<p>O especialista concluiu dizendo aos jovens: \u201cAs drogas tiram a sua liberdade; elas o levam a estar preso sendo livre\u201d.<\/p>\n<p style=\"text-align: justify;\">\n<p style=\"text-align: justify;\">Fonte: Aleteia<\/p>\n","protected":false},"excerpt":{"rendered":"<p>Os primeiros que podem e devem fazer algo s\u00e3o os pais No programa \u201cEntre n\u00f3s\u201d, o Dr. Daniel G\u00f3mez, chefe de toxicologia do Hospital de Urg\u00eancias de C\u00f3rdoba, falou do problema das drogas e do \u00e1lcool entre os jovens. Como primeira medida, compartilhou que n\u00e3o se tem uma idade estabelecida na qual os jovens come\u00e7am [&hellip;]<\/p>\n","protected":false},"author":1,"featured_media":32357,"comment_status":"open","ping_status":"open","sticky":false,"template":"","format":"standard","meta":{"footnotes":""},"categories":[4],"tags":[],"class_list":["post-32356","post","type-post","status-publish","format-standard","has-post-thumbnail","hentry","category-cotidiano"],"_links":{"self":[{"href":"https:\/\/catolicanet.net\/wp-cnet\/wp-json\/wp\/v2\/posts\/32356","targetHints":{"allow":["GET"]}}],"collection":[{"href":"https:\/\/catolicanet.net\/wp-cnet\/wp-json\/wp\/v2\/posts"}],"about":[{"href":"https:\/\/catolicanet.net\/wp-cnet\/wp-json\/wp\/v2\/types\/post"}],"author":[{"embeddable":true,"href":"https:\/\/catolicanet.net\/wp-cnet\/wp-json\/wp\/v2\/users\/1"}],"replies":[{"embeddable":true,"href":"https:\/\/catolicanet.net\/wp-cnet\/wp-json\/wp\/v2\/comments?post=32356"}],"version-history":[{"count":1,"href":"https:\/\/catolicanet.net\/wp-cnet\/wp-json\/wp\/v2\/posts\/32356\/revisions"}],"predecessor-version":[{"id":32358,"href":"https:\/\/catolicanet.net\/wp-cnet\/wp-json\/wp\/v2\/posts\/32356\/revisions\/32358"}],"wp:featuredmedia":[{"embeddable":true,"href":"https:\/\/catolicanet.net\/wp-cnet\/wp-json\/wp\/v2\/media\/32357"}],"wp:attachment":[{"href":"https:\/\/catolicanet.net\/wp-cnet\/wp-json\/wp\/v2\/media?parent=32356"}],"wp:term":[{"taxonomy":"category","embeddable":true,"href":"https:\/\/catolicanet.net\/wp-cnet\/wp-json\/wp\/v2\/categories?post=32356"},{"taxonomy":"post_tag","embeddable":true,"href":"https:\/\/catolicanet.net\/wp-cnet\/wp-json\/wp\/v2\/tags?post=32356"}],"curies":[{"name":"wp","href":"https:\/\/api.w.org\/{rel}","templated":true}]}}