{"id":3235,"date":"2013-10-28T15:51:46","date_gmt":"2013-10-28T17:51:46","guid":{"rendered":"http:\/\/catolicanet.net\/wp-cnet\/igreja-dominicana-preocupa-por-sentenca-contra-os-imigrantes-haitianos\/"},"modified":"2017-03-23T14:27:20","modified_gmt":"2017-03-23T17:27:20","slug":"igreja-dominicana-preocupa-por-sentenca-contra-os-imigrantes-haitianos","status":"publish","type":"post","link":"https:\/\/catolicanet.net\/wp-cnet\/igreja-dominicana-preocupa-por-sentenca-contra-os-imigrantes-haitianos\/","title":{"rendered":"Igreja dominicana preocupa por senten\u00e7a contra os imigrantes haitianos"},"content":{"rendered":"<p style=\"text-align: justify;\"><img decoding=\"async\" src=\"http:\/\/catolicanet.com.br\/images\/stories\/criancaatrasdaporta.jpg\" border=\"0\" align=\"left\" \/>\u201cEsperamos encontrar uma sa\u00edda, uma maneira para resolver o conflito que a senten\u00e7a do Tribunal Constitucional causou\u201d, disse o bispo da Diocese de Barahona, Dom Rafael Le\u00f3nidas Felipe y N\u00fa\u00f1ez, comentando a revoga\u00e7\u00e3o da cidadania dominicana aos haitianos filhos de irregulares.<\/p>\n<p>O governo dominicano anunciou em 23 de outubro, com um comunicado oficial, a inten\u00e7\u00e3o de respeitar plenamente a senten\u00e7a do Tribunal sobre a cidadania, que exclui desse direito os haitianos que nasceram no territ\u00f3rio dominicano a partir de 1929, cujos pais estavam, no momento de seu nascimento, numa situa\u00e7\u00e3o irregular.<\/p>\n<p>A not\u00edcia, que circulava h\u00e1 um m\u00eas, causou descontentamento na sociedade haitiana presente no pa\u00eds e a rea\u00e7\u00e3o de v\u00e1rias institui\u00e7\u00f5es que defendem os direitos dos migrantes. At\u00e9 mesmo a Igreja Cat\u00f3lica est\u00e1 muito preocupada com as consequ\u00eancias desta senten\u00e7a. Poucos dias atr\u00e1s, foi publicada a carta de um grupo de religiosos a favor dos migrantes.<\/p>\n<p>Quinta-feira passada, Dom Felipe y N\u00fa\u00f1ez falou \u00e0 imprensa para expressar a sua total solidariedade aos migrantes e suas fam\u00edlias, que considera completamente dominicanas.<\/p>\n<p>\u201cMuitos haitianos vieram para a Rep\u00fablica Dominicana e permaneceram. Nasceram no Haiti, \u00e9 verdade, mas depois cresceram aqui e aqui formaram suas fam\u00edlias\u201d, disse o Bispo de Barahona, na parte sul da ilha dominicana, que acrescentou: \u201cAlguns s\u00e3o 30 ou 40 anos que moram no pa\u00eds, com uma fam\u00edlia. Outros t\u00eam duas gera\u00e7\u00f5es, entre filhos e netos que nasceram aqui. Se essas pessoas est\u00e3o h\u00e1 tanto tempo na na\u00e7\u00e3o e n\u00e3o sabem nada sobre o Haiti, ent\u00e3o s\u00e3o dominicanos\u201d.<\/p>\n<p>A senten\u00e7a do Tribunal pode envolver mais de 200 mil pessoas, segundo dados oficiais. Na Rep\u00fablica Dominicana existem 524.632 imigrantes residentes (relativo a 5,4% da popula\u00e7\u00e3o) dos quais 458.233 nascidos no Haiti.<\/p>\n<p style=\"text-align: justify;\">\u00a0<\/p>\n<p style=\"text-align: justify;\"><strong>Local: Barahona<br \/>Fonte: R\u00e1dio Vaticano<\/strong><\/p>\n","protected":false},"excerpt":{"rendered":"<p>\u201cEsperamos encontrar uma sa\u00edda, uma maneira para resolver o conflito que a senten\u00e7a do Tribunal Constitucional causou\u201d, disse o bispo da Diocese de Barahona, Dom Rafael Le\u00f3nidas Felipe y N\u00fa\u00f1ez, comentando a revoga\u00e7\u00e3o da cidadania dominicana aos haitianos filhos de irregulares. O governo dominicano anunciou em 23 de outubro, com um comunicado oficial, a inten\u00e7\u00e3o [&hellip;]<\/p>\n","protected":false},"author":1,"featured_media":0,"comment_status":"closed","ping_status":"closed","sticky":false,"template":"","format":"standard","meta":{"footnotes":""},"categories":[3],"tags":[],"class_list":["post-3235","post","type-post","status-publish","format-standard","hentry","category-vaticano"],"_links":{"self":[{"href":"https:\/\/catolicanet.net\/wp-cnet\/wp-json\/wp\/v2\/posts\/3235","targetHints":{"allow":["GET"]}}],"collection":[{"href":"https:\/\/catolicanet.net\/wp-cnet\/wp-json\/wp\/v2\/posts"}],"about":[{"href":"https:\/\/catolicanet.net\/wp-cnet\/wp-json\/wp\/v2\/types\/post"}],"author":[{"embeddable":true,"href":"https:\/\/catolicanet.net\/wp-cnet\/wp-json\/wp\/v2\/users\/1"}],"replies":[{"embeddable":true,"href":"https:\/\/catolicanet.net\/wp-cnet\/wp-json\/wp\/v2\/comments?post=3235"}],"version-history":[{"count":1,"href":"https:\/\/catolicanet.net\/wp-cnet\/wp-json\/wp\/v2\/posts\/3235\/revisions"}],"predecessor-version":[{"id":7641,"href":"https:\/\/catolicanet.net\/wp-cnet\/wp-json\/wp\/v2\/posts\/3235\/revisions\/7641"}],"wp:attachment":[{"href":"https:\/\/catolicanet.net\/wp-cnet\/wp-json\/wp\/v2\/media?parent=3235"}],"wp:term":[{"taxonomy":"category","embeddable":true,"href":"https:\/\/catolicanet.net\/wp-cnet\/wp-json\/wp\/v2\/categories?post=3235"},{"taxonomy":"post_tag","embeddable":true,"href":"https:\/\/catolicanet.net\/wp-cnet\/wp-json\/wp\/v2\/tags?post=3235"}],"curies":[{"name":"wp","href":"https:\/\/api.w.org\/{rel}","templated":true}]}}