{"id":32341,"date":"2017-06-29T11:18:12","date_gmt":"2017-06-29T14:18:12","guid":{"rendered":"http:\/\/catolicanet.net\/wp-cnet\/?p=32341"},"modified":"2017-07-03T13:37:19","modified_gmt":"2017-07-03T16:37:19","slug":"cardeal-pell-retorna-a-australia-para-responder-acusacoes-de-abusos","status":"publish","type":"post","link":"https:\/\/catolicanet.net\/wp-cnet\/cardeal-pell-retorna-a-australia-para-responder-acusacoes-de-abusos\/","title":{"rendered":"Cardeal Pell retorna \u00e0 Austr\u00e1lia para responder acusa\u00e7\u00f5es de abusos"},"content":{"rendered":"<p style=\"text-align: justify;\">Cidade do Vaticano (RV) &#8211; Com pesar, a Santa S\u00e9 recebeu a not\u00edcia da abertura do processo penal na Austr\u00e1lia contra o prefeito da Secretaria para a Economia, Cardeal George Pell, pelas imputa\u00e7\u00f5es referentes a fatos ocorridos d\u00e9cadas atr\u00e1s. \u00c9 o que informa um comunicado da Sala de Imprensa da Santa S\u00e9.<\/p>\n<p>Ao tomar conhecimento, no pleno respeito das leis civis e reconhecendo a import\u00e2ncia de sua participa\u00e7\u00e3o a fim de que o processo possa realizar-se de modo justo e assim favorecer \u00e0 busca da verdade, o Cardeal Pell decidiu retornar a seu pa\u00eds para enfrentar as acusa\u00e7\u00f5es que lhe foram atribu\u00eddas.<\/p>\n<p>Informado pelo pr\u00f3prio purpurado, o Santo Padre concedeu-lhe um per\u00edodo de dispensa para que o mesmo possa defender-se. Durante a aus\u00eancia do prefeito, a Secretaria para a Economia continuar\u00e1 desempenhando suas tarefas institucionais. Os secret\u00e1rios continuar\u00e3o em seus cargos para a prossecu\u00e7\u00e3o das quest\u00f5es ordin\u00e1rias, donec aliter provideatur (at\u00e9 novas disposi\u00e7\u00f5es, ndr), l\u00ea-se no comunicado.<\/p>\n<p>O Santo Padre, que p\u00f4de apreciar a honestidade do Cardeal Pell durante os tr\u00eas anos de trabalho na C\u00faria Romana, \u00e9-lhe grato pela colabora\u00e7\u00e3o e, em particular, pelo en\u00e9rgico empenho em favor das reformas no setor econ\u00f4mico e administrativo e pela ativa participa\u00e7\u00e3o no Conselho de Cardeais (C9), acrescenta ainda.<\/p>\n<p>A Santa S\u00e9 expressa respeito pela justi\u00e7a australiana que dever\u00e1 decidir o m\u00e9rito das quest\u00f5es levantadas.<\/p>\n<p>Ao mesmo tempo \u2013 afirma \u2013, \u201cdeve-se recordar que h\u00e1 d\u00e9cadas o Cardeal Pell condenou abertamente e repetidamente os abusos cometidos contra menores como atos imorais e intoler\u00e1veis, cooperou no passado com as Autoridades australianas\u201d, apoiou a cria\u00e7\u00e3o da Pontif\u00edcia Comiss\u00e3o para a Tutela dos Menores e, por fim, \u201ccomo Bispo diocesano na Austr\u00e1lia introduziu sistemas e procedimentos para a prote\u00e7\u00e3o de menores e para dar assist\u00eancia \u00e0s v\u00edtimas de abusos\u201d, conclui o comunicado.<\/p>\n<p>Chamado a comparecer no Tribunal no pr\u00f3ximo 18 de julho, o purpurado reiterou sua inoc\u00eancia anunciando \u2013 em declara\u00e7\u00e3o na Sala de Imprensa da Santa S\u00e9 \u2013 que se defender\u00e1 \u201ccom todas as for\u00e7as\u201d destas \u201cfalsas\u201d acusa\u00e7\u00f5es.<\/p>\n<p>\u201cTrata-se de um acirramento sem tr\u00e9gua\u201d, afirmou o Cardeal Pell, mas \u201cagora estou contente por finalmente poder defender-me nos tribunais. Reitero a minha inoc\u00eancia em rela\u00e7\u00e3o a estas acusa\u00e7\u00f5es. S\u00e3o falsas. A pr\u00f3pria ideia de abusos sexuais \u00e9 para mim repugnante\u201d.<\/p>\n<p>\u201cO processo judici\u00e1rio me dar\u00e1 a oportunidade de recha\u00e7ar todas as acusa\u00e7\u00f5es e de retomar meu trabalho em Roma\u201d, ressaltou.<\/p>\n<p style=\"text-align: justify;\">\n<p style=\"text-align: justify;\">Fonte: R\u00e1dio Vaticano<\/p>\n","protected":false},"excerpt":{"rendered":"<p>Cidade do Vaticano (RV) &#8211; Com pesar, a Santa S\u00e9 recebeu a not\u00edcia da abertura do processo penal na Austr\u00e1lia contra o prefeito da Secretaria para a Economia, Cardeal George Pell, pelas imputa\u00e7\u00f5es referentes a fatos ocorridos d\u00e9cadas atr\u00e1s. \u00c9 o que informa um comunicado da Sala de Imprensa da Santa S\u00e9. Ao tomar conhecimento, [&hellip;]<\/p>\n","protected":false},"author":1,"featured_media":32342,"comment_status":"open","ping_status":"open","sticky":false,"template":"","format":"standard","meta":{"footnotes":""},"categories":[3],"tags":[],"class_list":["post-32341","post","type-post","status-publish","format-standard","has-post-thumbnail","hentry","category-vaticano"],"_links":{"self":[{"href":"https:\/\/catolicanet.net\/wp-cnet\/wp-json\/wp\/v2\/posts\/32341","targetHints":{"allow":["GET"]}}],"collection":[{"href":"https:\/\/catolicanet.net\/wp-cnet\/wp-json\/wp\/v2\/posts"}],"about":[{"href":"https:\/\/catolicanet.net\/wp-cnet\/wp-json\/wp\/v2\/types\/post"}],"author":[{"embeddable":true,"href":"https:\/\/catolicanet.net\/wp-cnet\/wp-json\/wp\/v2\/users\/1"}],"replies":[{"embeddable":true,"href":"https:\/\/catolicanet.net\/wp-cnet\/wp-json\/wp\/v2\/comments?post=32341"}],"version-history":[{"count":1,"href":"https:\/\/catolicanet.net\/wp-cnet\/wp-json\/wp\/v2\/posts\/32341\/revisions"}],"predecessor-version":[{"id":32343,"href":"https:\/\/catolicanet.net\/wp-cnet\/wp-json\/wp\/v2\/posts\/32341\/revisions\/32343"}],"wp:featuredmedia":[{"embeddable":true,"href":"https:\/\/catolicanet.net\/wp-cnet\/wp-json\/wp\/v2\/media\/32342"}],"wp:attachment":[{"href":"https:\/\/catolicanet.net\/wp-cnet\/wp-json\/wp\/v2\/media?parent=32341"}],"wp:term":[{"taxonomy":"category","embeddable":true,"href":"https:\/\/catolicanet.net\/wp-cnet\/wp-json\/wp\/v2\/categories?post=32341"},{"taxonomy":"post_tag","embeddable":true,"href":"https:\/\/catolicanet.net\/wp-cnet\/wp-json\/wp\/v2\/tags?post=32341"}],"curies":[{"name":"wp","href":"https:\/\/api.w.org\/{rel}","templated":true}]}}