{"id":32338,"date":"2017-06-29T10:42:16","date_gmt":"2017-06-29T13:42:16","guid":{"rendered":"http:\/\/catolicanet.net\/wp-cnet\/?p=32338"},"modified":"2017-07-03T13:34:23","modified_gmt":"2017-07-03T16:34:23","slug":"7-chaves-para-entender-por-que-sao-pedro-e-sao-paulo-sao-celebrados-juntos","status":"publish","type":"post","link":"https:\/\/catolicanet.net\/wp-cnet\/7-chaves-para-entender-por-que-sao-pedro-e-sao-paulo-sao-celebrados-juntos\/","title":{"rendered":"7 chaves para entender por que S\u00e3o Pedro e S\u00e3o Paulo s\u00e3o celebrados juntos"},"content":{"rendered":"<p style=\"text-align: justify;\">REDA\u00c7\u00c3O CENTRAL (ACI).- Hoje, 29 de junho, a Igreja celebra a Solenidade de S\u00e3o Pedro e S\u00e3o Paulo, entretanto, h\u00e1 algumas d\u00favidas sobre as verdadeiras raz\u00f5es do motivo de a festa de ambos os ap\u00f3stolos ser celebrada no mesmo dia.<\/p>\n<p>A seguir, 7 chaves que permitem entender isso:<\/p>\n<p>1. Santo Agostinho de Hipona expressou que eram \u201cum s\u00f3\u201d<\/p>\n<p>Em um serm\u00e3o do ano 395, o Doutor da Igreja, Santo Agostinho de Hipona, expressou que S\u00e3o Pedro e S\u00e3o Paulo, \u201cna realidade, eram como um s\u00f3. Embora tenham sido martirizados em dias diferentes, deram o mesmo testemunho. Pedro foi \u00e0 frente; Paulo o seguiu. Celebramos o dia festivo consagrado para n\u00f3s pelo sangue dos ap\u00f3stolos. Amemos a f\u00e9, a vida, os trabalhos, os sofrimentos, os testemunhos e as prega\u00e7\u00f5es destes dois ap\u00f3stolos\u201d.<\/p>\n<p>2. Ambos padeceram em Roma<\/p>\n<p>Foram detidos na pris\u00e3o Mamertina, tamb\u00e9m chamada Tullianum, localizada no foro romano na Roma Antiga. Al\u00e9m disso, foram martirizados nessa mesma cidade, possivelmente por ordem do imperador Nero.<\/p>\n<p>S\u00e3o Pedro passou seus \u00faltimos anos em Roma liderando a Igreja durante a persegui\u00e7\u00e3o e at\u00e9 o seu mart\u00edrio no ano 64. Foi crucificado de cabe\u00e7a para baixo, a pedido pr\u00f3prio, por n\u00e3o se considerar digno de morrer como seu Senhor. Foi enterrado na colina do Vaticano e a Bas\u00edlica de S\u00e3o Pedro est\u00e1 constru\u00edda sobre seu t\u00famulo.<\/p>\n<p>S\u00e3o Paulo foi preso e levado a Roma, onde foi decapitado no ano 67. Est\u00e1 enterrado em Roma, na Bas\u00edlica de S\u00e3o Paulo Extramuros.<\/p>\n<p>3. S\u00e3o fundadores da Igreja de Roma<\/p>\n<p>Na homilia de 2012 na Solenidade de S\u00e3o Pedro e S\u00e3o Paulo, o Papa Bento XVI assegurou que \u201ca sua liga\u00e7\u00e3o como irm\u00e3os na f\u00e9 adquiriu um significado particular em Roma. De fato, a comunidade crist\u00e3 desta Cidade viu neles uma esp\u00e9cie de ant\u00edtese dos mitol\u00f3gicos R\u00f3mulo e Remo, o par de irm\u00e3os a quem se atribui a funda\u00e7\u00e3o de Roma\u201d.<\/p>\n<p>4. S\u00e3o padroeiros de Roma e representantes do Evangelho<\/p>\n<p>Na mesma homilia, o Santo Padre chamou esses dois ap\u00f3stolos de \u201cpadroeiros principais da Igreja de Roma\u201d.<\/p>\n<p>\u201cDesde sempre a tradi\u00e7\u00e3o crist\u00e3 tem considerado S\u00e3o Pedro e S\u00e3o Paulo insepar\u00e1veis: na verdade, juntos, representam todo o Evangelho de Cristo\u201d, detalhou.<\/p>\n<p>5. S\u00e3o a vers\u00e3o contr\u00e1ria de Caim e Abel<\/p>\n<p>O Santo Padre tamb\u00e9m apresentou um paralelismo oposto com a irmandade apresentada no Antigo Testamento entre Caim e Abel.<\/p>\n<p>\u201cEnquanto nestes vemos o efeito do pecado pelo qual Caim mata Abel, Pedro e Paulo, apesar de ser humanamente bastante diferentes e n\u00e3o obstante os conflitos que n\u00e3o faltaram no seu m\u00fatuo relacionamento, realizaram um modo novo e autenticamente evang\u00e9lico de ser irm\u00e3os, tornado poss\u00edvel precisamente pela gra\u00e7a do Evangelho de Cristo que neles operava\u201d, relatou o Santo Padre Bento XVI.<\/p>\n<p>6. Porque Pedro \u00e9 a \u201crocha\u201d<\/p>\n<p>Esta celebra\u00e7\u00e3o recorda que S\u00e3o Pedro foi escolhido por Cristo \u2013 \u201ctu \u00e9s Pedro, e sobre esta pedra edificarei a minha Igreja\u201d \u2013 e humildemente aceitou a miss\u00e3o de ser \u201ca rocha\u201d da Igreja e apascentar o rebanho de Deus, apesar de suas fragilidades humanas.<\/p>\n<p>Os Atos dos Ap\u00f3stolos ilustram seu papel como l\u00edder da Igreja depois da Ressurrei\u00e7\u00e3o e Ascen\u00e7\u00e3o de Cristo. Pedro dirigiu os ap\u00f3stolos como o primeiro Papa e assegurou que os disc\u00edpulos mantivessem a verdadeira f\u00e9.<\/p>\n<p>Como explicou em sua homilia o Sumo Pont\u00edfice Bento XVI, \u201cna passagem do Evangelho de S\u00e3o Mateus (&#8230;), Pedro faz a sua confiss\u00e3o de f\u00e9 em Jesus, reconhecendo-O como Messias e Filho de Deus; f\u00e1-lo tamb\u00e9m em nome dos outros ap\u00f3stolos. Em resposta, o Senhor revela-lhe a miss\u00e3o que pretende confiar-lhe, ou seja, a de ser a \u2018pedra\u2019, a \u2018rocha\u2019, o fundamento vis\u00edvel sobre o qual est\u00e1 constru\u00eddo todo o edif\u00edcio espiritual da Igreja\u201d.<\/p>\n<p>7. S\u00e3o Paulo tamb\u00e9m \u00e9 coluna do edif\u00edcio espiritual da Igreja<\/p>\n<p>S\u00e3o Paulo foi o ap\u00f3stolo dos gentios. Antes de sua convers\u00e3o, era chamado Saulo, mas depois de seu encontro com Cristo e convers\u00e3o, continuou seguindo para Damasco, onde foi batizado e recuperou a vis\u00e3o. Adotou o nome de Paulo e passou o resto de sua vida pregando o Evangelho sem descanso \u00e0s na\u00e7\u00f5es do mundo mediterr\u00e2neo.<\/p>\n<p>\u201cA iconografia tradicional apresenta S\u00e3o Paulo com a espada, e sabemos que esta representa o instrumento do seu mart\u00edrio. Mas, repassando os escritos do Ap\u00f3stolo dos Gentios, descobrimos que a imagem da espada se refere a toda a sua miss\u00e3o de evangelizador. Por exemplo, quando j\u00e1 sentia aproximar-se a morte, escreve a Tim\u00f3teo: \u2018Combati o bom combate\u2019 (2Tm 4,7); aqui n\u00e3o se trata seguramente do combate de um comandante, mas daquele de um arauto da Palavra de Deus, fiel a Cristo e \u00e0 sua Igreja, por quem se consumou totalmente. Por isso mesmo, o Senhor lhe deu a coroa de gl\u00f3ria e colocou-o, juntamente com Pedro, como coluna no edif\u00edcio espiritual da Igreja\u201d, expressou Bento XVI em sua homilia.<\/p>\n<p style=\"text-align: justify;\">\n<p style=\"text-align: justify;\">Fonte: Acidigital<\/p>\n","protected":false},"excerpt":{"rendered":"<p>REDA\u00c7\u00c3O CENTRAL (ACI).- Hoje, 29 de junho, a Igreja celebra a Solenidade de S\u00e3o Pedro e S\u00e3o Paulo, entretanto, h\u00e1 algumas d\u00favidas sobre as verdadeiras raz\u00f5es do motivo de a festa de ambos os ap\u00f3stolos ser celebrada no mesmo dia. A seguir, 7 chaves que permitem entender isso: 1. Santo Agostinho de Hipona expressou que [&hellip;]<\/p>\n","protected":false},"author":1,"featured_media":32339,"comment_status":"open","ping_status":"open","sticky":false,"template":"","format":"standard","meta":{"footnotes":""},"categories":[4],"tags":[],"class_list":["post-32338","post","type-post","status-publish","format-standard","has-post-thumbnail","hentry","category-cotidiano"],"_links":{"self":[{"href":"https:\/\/catolicanet.net\/wp-cnet\/wp-json\/wp\/v2\/posts\/32338","targetHints":{"allow":["GET"]}}],"collection":[{"href":"https:\/\/catolicanet.net\/wp-cnet\/wp-json\/wp\/v2\/posts"}],"about":[{"href":"https:\/\/catolicanet.net\/wp-cnet\/wp-json\/wp\/v2\/types\/post"}],"author":[{"embeddable":true,"href":"https:\/\/catolicanet.net\/wp-cnet\/wp-json\/wp\/v2\/users\/1"}],"replies":[{"embeddable":true,"href":"https:\/\/catolicanet.net\/wp-cnet\/wp-json\/wp\/v2\/comments?post=32338"}],"version-history":[{"count":1,"href":"https:\/\/catolicanet.net\/wp-cnet\/wp-json\/wp\/v2\/posts\/32338\/revisions"}],"predecessor-version":[{"id":32340,"href":"https:\/\/catolicanet.net\/wp-cnet\/wp-json\/wp\/v2\/posts\/32338\/revisions\/32340"}],"wp:featuredmedia":[{"embeddable":true,"href":"https:\/\/catolicanet.net\/wp-cnet\/wp-json\/wp\/v2\/media\/32339"}],"wp:attachment":[{"href":"https:\/\/catolicanet.net\/wp-cnet\/wp-json\/wp\/v2\/media?parent=32338"}],"wp:term":[{"taxonomy":"category","embeddable":true,"href":"https:\/\/catolicanet.net\/wp-cnet\/wp-json\/wp\/v2\/categories?post=32338"},{"taxonomy":"post_tag","embeddable":true,"href":"https:\/\/catolicanet.net\/wp-cnet\/wp-json\/wp\/v2\/tags?post=32338"}],"curies":[{"name":"wp","href":"https:\/\/api.w.org\/{rel}","templated":true}]}}