{"id":3226,"date":"2013-10-28T12:33:27","date_gmt":"2013-10-28T14:33:27","guid":{"rendered":"http:\/\/catolicanet.net\/wp-cnet\/francisco-na-homilia-matutina-jesus-continua-intercedendo-por-nos-mostrando-ao-pai-as-suas-chagas\/"},"modified":"2017-03-23T14:23:32","modified_gmt":"2017-03-23T17:23:32","slug":"francisco-na-homilia-matutina-jesus-continua-intercedendo-por-nos-mostrando-ao-pai-as-suas-chagas","status":"publish","type":"post","link":"https:\/\/catolicanet.net\/wp-cnet\/francisco-na-homilia-matutina-jesus-continua-intercedendo-por-nos-mostrando-ao-pai-as-suas-chagas\/","title":{"rendered":"Francisco na homilia matutina: Jesus continua intercedendo por n\u00f3s, mostrando ao Pai as suas chagas"},"content":{"rendered":"<p style=\"text-align: justify;\"><img decoding=\"async\" src=\"http:\/\/catolicanet.com.br\/images\/stories\/francisconahomiliamatutinadevermelho.jpg\" border=\"0\" align=\"left\" \/>Jesus continua a rezar e a interceder por n\u00f3s, mostrando ao Pai o pre\u00e7o da nossa salva\u00e7\u00e3o, ou seja, as suas chagas. Foi o que disse o Papa Francisco na homilia da Missa que ele celebra todas as manh\u00e3s na sua resid\u00eancia.<\/p>\n<p>O centro da homilia foi o trecho em que Jesus passa toda a noite rezando ao Pai antes de escolher os doze Ap\u00f3stolos. \u201cJesus organiza o seu time \u2013 destacou o Papa \u2013 e logo depois \u00e9 cercado por uma grande multid\u00e3o que veio para ouvi-lo e ser curada. S\u00e3o as tr\u00eas rela\u00e7\u00f5es de Jesus, observa o Pont\u00edfice: com o Pai, com os seus Ap\u00f3stolos e com as pessoas. E Cristo reza ainda hoje:<br \/><strong><br \/>Ele \u00e9 o intercessor, aquele que reza e pede a Deus conosco e diante de n\u00f3s. Jesus nos salvou, somos justos gra\u00e7as a Ele. Agora Ele se foi, mas reza. Jesus n\u00e3o \u00e9 um esp\u00edrito! Jesus \u00e9 uma pessoa, \u00e9 um homem, com carne como a nossa, mas na gl\u00f3ria. Jesus tem suas chagas nas m\u00e3os, nos p\u00e9s, e quando reza mostra ao Pai o pre\u00e7o da salva\u00e7\u00e3o.<\/strong><\/p>\n<p>Num primeiro momento, explicou Francisco, Cristo fez a reden\u00e7\u00e3o, nos salvou. Agora, Jesus intercede e reza por n\u00f3s. \u201cPenso no que Pedro sentiu quando o renegou e depois Jesus olhou para ele e chorou. Ele sentiu que Jesus tinha rezado por ele e por isso se arrependeu. \u201cN\u00f3s, irm\u00e3os, devemos rezar uns pelos outros\u201d, disse o Papa, exortando todos n\u00f3s a pedirmos a intercess\u00e3o de Cristo:<\/p>\n<p><strong>Ele reza por mim; Ele reza por todos n\u00f3s e reza corajosamente porque mostra ao Pai o pre\u00e7o da nossa salva\u00e7\u00e3o: as suas chagas. Pensemos nisso e agrade\u00e7amos ao Senhor. Agrade\u00e7amos por ter um irm\u00e3o que reza conosco, por n\u00f3s, que intercede por n\u00f3s. E falemos com Jesus, dizendo: \u2018Senhor, Tu \u00e9s o intercessor, me salvastes, me justificastes. Mas agora, reza por mim\u2019. E confiemos os nossos problemas, a nossa vida, tantas coisas, para que Ele os leve ao Pai.<\/strong><\/p>\n<p style=\"text-align: justify;\">\u00a0<\/p>\n<p style=\"text-align: justify;\"><strong>Local: Cidade do Vaticano<br \/>Fonte: R\u00e1dio Vaticano<\/strong><\/p>\n","protected":false},"excerpt":{"rendered":"<p>Jesus continua a rezar e a interceder por n\u00f3s, mostrando ao Pai o pre\u00e7o da nossa salva\u00e7\u00e3o, ou seja, as suas chagas. Foi o que disse o Papa Francisco na homilia da Missa que ele celebra todas as manh\u00e3s na sua resid\u00eancia. O centro da homilia foi o trecho em que Jesus passa toda a [&hellip;]<\/p>\n","protected":false},"author":1,"featured_media":0,"comment_status":"closed","ping_status":"closed","sticky":false,"template":"","format":"standard","meta":{"footnotes":""},"categories":[3],"tags":[],"class_list":["post-3226","post","type-post","status-publish","format-standard","hentry","category-vaticano"],"_links":{"self":[{"href":"https:\/\/catolicanet.net\/wp-cnet\/wp-json\/wp\/v2\/posts\/3226","targetHints":{"allow":["GET"]}}],"collection":[{"href":"https:\/\/catolicanet.net\/wp-cnet\/wp-json\/wp\/v2\/posts"}],"about":[{"href":"https:\/\/catolicanet.net\/wp-cnet\/wp-json\/wp\/v2\/types\/post"}],"author":[{"embeddable":true,"href":"https:\/\/catolicanet.net\/wp-cnet\/wp-json\/wp\/v2\/users\/1"}],"replies":[{"embeddable":true,"href":"https:\/\/catolicanet.net\/wp-cnet\/wp-json\/wp\/v2\/comments?post=3226"}],"version-history":[{"count":1,"href":"https:\/\/catolicanet.net\/wp-cnet\/wp-json\/wp\/v2\/posts\/3226\/revisions"}],"predecessor-version":[{"id":7636,"href":"https:\/\/catolicanet.net\/wp-cnet\/wp-json\/wp\/v2\/posts\/3226\/revisions\/7636"}],"wp:attachment":[{"href":"https:\/\/catolicanet.net\/wp-cnet\/wp-json\/wp\/v2\/media?parent=3226"}],"wp:term":[{"taxonomy":"category","embeddable":true,"href":"https:\/\/catolicanet.net\/wp-cnet\/wp-json\/wp\/v2\/categories?post=3226"},{"taxonomy":"post_tag","embeddable":true,"href":"https:\/\/catolicanet.net\/wp-cnet\/wp-json\/wp\/v2\/tags?post=3226"}],"curies":[{"name":"wp","href":"https:\/\/api.w.org\/{rel}","templated":true}]}}