{"id":32214,"date":"2017-06-28T12:00:34","date_gmt":"2017-06-28T15:00:34","guid":{"rendered":"http:\/\/catolicanet.net\/wp-cnet\/?p=32214"},"modified":"2017-06-29T13:28:16","modified_gmt":"2017-06-29T16:28:16","slug":"uma-tenda-como-capela-missionario-coreano-no-quenia","status":"publish","type":"post","link":"https:\/\/catolicanet.net\/wp-cnet\/uma-tenda-como-capela-missionario-coreano-no-quenia\/","title":{"rendered":"Uma tenda como capela: mission\u00e1rio coreano no Qu\u00eania"},"content":{"rendered":"<p>Mission\u00e1rios come\u00e7aram celebrar a Eucaristia numa sala da escola, agora t\u00eam uma tenda que serve de capela.<\/p>\n<p>de Francisco Pedro<\/p>\n<p>Mission\u00e1rio sul-coreano encontra no acolhimento do povo queniano a motiva\u00e7\u00e3o para vencer as dificuldades de uma miss\u00e3o onde para se ter \u00e1gua \u00e9 preciso esperar na fila do po\u00e7o comunit\u00e1rio. \u00c9 ali, no meio do nada, que diz sentir a verdadeira evangeliza\u00e7\u00e3o<\/p>\n<p>Quando ainda andava \u00e0s voltas com as d\u00favidas vocacionais, Benigno Lee, chegou a escrever uma carta a Deus, pedindo-lhe um sinal. Hoje, como consagrado, n\u00e3o s\u00f3 encontra esses sinais no seu dia a dia, como procura lev\u00e1-los a quem pouco ou nada tem, nas chamadas periferias existenciais. N\u00e3o o faz apenas porque o Papa Francisco o tem pedido com insist\u00eancia, mas por convic\u00e7\u00e3o, e porque o estar pr\u00f3ximo de quem mais precisa, de quem pouco ainda conhece do Evangelho, \u00e9, para ele, a ess\u00eancia do carisma mission\u00e1rio. \u00abN\u00e3o podemos abandonar as pessoas que nada t\u00eam\u00bb, afirma o sacerdote, de 42 anos.<\/p>\n<p>Natural da Coreia do Sul, Lee foi destinado para uma nova miss\u00e3o da Consolata, na regi\u00e3o pobre de Adu, diocese de Melinda, na zona costeira do Qu\u00eania. Vive h\u00e1 pouco mais de um ano numa casa alugada, com outro mission\u00e1rio. Come\u00e7aram por celebrar a Eucaristia numa sala da escola prim\u00e1ria, agora t\u00eam uma tenda que serve de capela. Est\u00e3o numa regi\u00e3o dominada pela igreja protestante, pelas cren\u00e7as tradicionais. Mas j\u00e1 conseguiram batizar 66 pessoas e esperam dar este sacramento a mais uma dezena de fi\u00e9is ainda este ano.<\/p>\n<p>A par dos desafios evangelizadores, os dois mission\u00e1rios enfrentam ainda as dificuldades pr\u00f3prias de quem vive numa zona de interior, longe dos grandes centros. Para terem \u00e1gua pot\u00e1vel, t\u00eam que recorrer ao po\u00e7o comunit\u00e1rio \u2013 que nem sempre chega para todas as necessidades. E para conseguirem eletricidade, tiveram que instalar pain\u00e9is solares e um gerador. Mas mesmo assim, n\u00e3o se podem permitir a \u00b4luxos\u00b4 e precisam de uma disciplina enorme para racionalizar o consumo. \u00abN\u00e3o podemos ter um uma geladeira e, em termos de produtos frescos, s\u00f3 podemos guardar em casa o que \u00e9 para consumir no dia\u00bb, explica o mission\u00e1rio.<\/p>\n<p>Muitos, talvez n\u00e3o aguentassem muito tempo este tipo de priva\u00e7\u00f5es. Mas Benigno Lee, em vez de se deixar esmorecer, procura fortalecer-se todos os dias \u00abna Palavra e no acolhimento\u00bb que recebe em Adu. E j\u00e1 conseguiu, inclusive, angariar fundos junto de benfeitores do Canad\u00e1 para distribuir sacos de arroz, milho e feij\u00e3o, pela popula\u00e7\u00e3o. Em simult\u00e2neo, e com a ajuda das religiosas combonianas, vai visitando as fam\u00edlias que lhe pedem para dar a b\u00ean\u00e7\u00e3o \u00e0s suas casas e ajudando no trabalho de alfabetiza\u00e7\u00e3o e de forma\u00e7\u00e3o agr\u00edcola.<\/p>\n<p>&nbsp;<\/p>\n<p>Fonte: POM<\/p>\n","protected":false},"excerpt":{"rendered":"<p>Mission\u00e1rios come\u00e7aram celebrar a Eucaristia numa sala da escola, agora t\u00eam uma tenda que serve de capela. de Francisco Pedro Mission\u00e1rio sul-coreano encontra no acolhimento do povo queniano a motiva\u00e7\u00e3o para vencer as dificuldades de uma miss\u00e3o onde para se ter \u00e1gua \u00e9 preciso esperar na fila do po\u00e7o comunit\u00e1rio. \u00c9 ali, no meio do [&hellip;]<\/p>\n","protected":false},"author":1,"featured_media":32215,"comment_status":"open","ping_status":"open","sticky":false,"template":"","format":"standard","meta":{"footnotes":""},"categories":[4],"tags":[],"class_list":["post-32214","post","type-post","status-publish","format-standard","has-post-thumbnail","hentry","category-cotidiano"],"_links":{"self":[{"href":"https:\/\/catolicanet.net\/wp-cnet\/wp-json\/wp\/v2\/posts\/32214","targetHints":{"allow":["GET"]}}],"collection":[{"href":"https:\/\/catolicanet.net\/wp-cnet\/wp-json\/wp\/v2\/posts"}],"about":[{"href":"https:\/\/catolicanet.net\/wp-cnet\/wp-json\/wp\/v2\/types\/post"}],"author":[{"embeddable":true,"href":"https:\/\/catolicanet.net\/wp-cnet\/wp-json\/wp\/v2\/users\/1"}],"replies":[{"embeddable":true,"href":"https:\/\/catolicanet.net\/wp-cnet\/wp-json\/wp\/v2\/comments?post=32214"}],"version-history":[{"count":1,"href":"https:\/\/catolicanet.net\/wp-cnet\/wp-json\/wp\/v2\/posts\/32214\/revisions"}],"predecessor-version":[{"id":32216,"href":"https:\/\/catolicanet.net\/wp-cnet\/wp-json\/wp\/v2\/posts\/32214\/revisions\/32216"}],"wp:featuredmedia":[{"embeddable":true,"href":"https:\/\/catolicanet.net\/wp-cnet\/wp-json\/wp\/v2\/media\/32215"}],"wp:attachment":[{"href":"https:\/\/catolicanet.net\/wp-cnet\/wp-json\/wp\/v2\/media?parent=32214"}],"wp:term":[{"taxonomy":"category","embeddable":true,"href":"https:\/\/catolicanet.net\/wp-cnet\/wp-json\/wp\/v2\/categories?post=32214"},{"taxonomy":"post_tag","embeddable":true,"href":"https:\/\/catolicanet.net\/wp-cnet\/wp-json\/wp\/v2\/tags?post=32214"}],"curies":[{"name":"wp","href":"https:\/\/api.w.org\/{rel}","templated":true}]}}