{"id":3220,"date":"2013-10-25T15:39:23","date_gmt":"2013-10-25T17:39:23","guid":{"rendered":"http:\/\/catolicanet.net\/wp-cnet\/papa-prestes-a-alcancar-10-milhoes-de-seguidores-no-twitter\/"},"modified":"2017-03-23T14:14:44","modified_gmt":"2017-03-23T17:14:44","slug":"papa-prestes-a-alcancar-10-milhoes-de-seguidores-no-twitter","status":"publish","type":"post","link":"https:\/\/catolicanet.net\/wp-cnet\/papa-prestes-a-alcancar-10-milhoes-de-seguidores-no-twitter\/","title":{"rendered":"Papa prestes a alcan\u00e7ar 10 milh\u00f5es de seguidores no Twitter"},"content":{"rendered":"<p style=\"text-align: justify;\"><img decoding=\"async\" src=\"http:\/\/catolicanet.com.br\/images\/stories\/twirtterpapa.jpg\" border=\"0\" align=\"left\" \/>Papa Francisco, com seus perfis no Twitter @Pontifex em nove idiomas deve alcan\u00e7ar os 10 milh\u00f5es de seguidores neste fim de semana. Quantia impulsionada pela chegada de milhares de fam\u00edlias que, neste s\u00e1bado e domingo, em peregrina\u00e7\u00e3o \u00e0 Tomba de S\u00e3o Pedro, ter\u00e3o dois dias de encontro com o Papa.<\/p>\n<p>At\u00e9 esta sexta-feira, os perfis reuniam 9 milh\u00f5es e 980 mil seguidores. O perfil em espanhol, @Pontifex_es \u00e9 o que tinha o maior n\u00famero de seguidores, com mais de 4 milh\u00f5es, seguido daquele em ingl\u00eas, @Pontifex, com mais de 3 milh\u00f5es. O perfil em l\u00edngua portuguesa, @Pontifex_pt, reunia mais de 830 mil seguidores.<\/p>\n<p>O presidente do Pont\u00edficio Conselho das Comunica\u00e7\u00f5es Sociais, Arcebispo Claudio Maria Celli, disse \u00e0 RV que a coisa mais importante disso tudo &#8220;\u00e9 o Papa que quer falar aos homens e \u00e0s mulheres de hoje com uma linguagem que \u00e9 compreens\u00edvel e muito utilizada, aquela do Twitter, com 140 caracteres\u201d.<\/p>\n<p>Dom Celli citou ainda uma propor\u00e7\u00e3o que mostra que quando uma mensagem do Papa \u00e9 retu\u00edtada, esta alcan\u00e7a um p\u00fablico poss\u00edvel de 60 milh\u00f5es de pessoas. Sobre as limita\u00e7\u00f5es das mensagem em 140 caracteres, Dom Celli argumentou: \u201c\u00c9 uma linguagem muito imediata, com limita\u00e7\u00f5es. Mas Jesus tamb\u00e9m, no seus dizeres, usava um &#8216;mini-tu\u00edte&#8217;. Para entender isso podemos citar o exemplos das bem-aventuran\u00e7as evang\u00e9licas: &#8216;Bem-aventurados os pobres de esp\u00edrito&#8217; cont\u00e9m todo o Evangelho e, ao mesmo tempo, tem menos de 140 caracteres&#8221;.<\/p>\n<p style=\"text-align: justify;\">\u00a0<\/p>\n<p style=\"text-align: justify;\"><strong>Local: Cidade do Vaticano<br \/>Fonte: R\u00e1dio Vaticano<\/strong><\/p>\n","protected":false},"excerpt":{"rendered":"<p>Papa Francisco, com seus perfis no Twitter @Pontifex em nove idiomas deve alcan\u00e7ar os 10 milh\u00f5es de seguidores neste fim de semana. Quantia impulsionada pela chegada de milhares de fam\u00edlias que, neste s\u00e1bado e domingo, em peregrina\u00e7\u00e3o \u00e0 Tomba de S\u00e3o Pedro, ter\u00e3o dois dias de encontro com o Papa. At\u00e9 esta sexta-feira, os perfis [&hellip;]<\/p>\n","protected":false},"author":1,"featured_media":0,"comment_status":"closed","ping_status":"closed","sticky":false,"template":"","format":"standard","meta":{"footnotes":""},"categories":[4],"tags":[],"class_list":["post-3220","post","type-post","status-publish","format-standard","hentry","category-cotidiano"],"_links":{"self":[{"href":"https:\/\/catolicanet.net\/wp-cnet\/wp-json\/wp\/v2\/posts\/3220","targetHints":{"allow":["GET"]}}],"collection":[{"href":"https:\/\/catolicanet.net\/wp-cnet\/wp-json\/wp\/v2\/posts"}],"about":[{"href":"https:\/\/catolicanet.net\/wp-cnet\/wp-json\/wp\/v2\/types\/post"}],"author":[{"embeddable":true,"href":"https:\/\/catolicanet.net\/wp-cnet\/wp-json\/wp\/v2\/users\/1"}],"replies":[{"embeddable":true,"href":"https:\/\/catolicanet.net\/wp-cnet\/wp-json\/wp\/v2\/comments?post=3220"}],"version-history":[{"count":1,"href":"https:\/\/catolicanet.net\/wp-cnet\/wp-json\/wp\/v2\/posts\/3220\/revisions"}],"predecessor-version":[{"id":7627,"href":"https:\/\/catolicanet.net\/wp-cnet\/wp-json\/wp\/v2\/posts\/3220\/revisions\/7627"}],"wp:attachment":[{"href":"https:\/\/catolicanet.net\/wp-cnet\/wp-json\/wp\/v2\/media?parent=3220"}],"wp:term":[{"taxonomy":"category","embeddable":true,"href":"https:\/\/catolicanet.net\/wp-cnet\/wp-json\/wp\/v2\/categories?post=3220"},{"taxonomy":"post_tag","embeddable":true,"href":"https:\/\/catolicanet.net\/wp-cnet\/wp-json\/wp\/v2\/tags?post=3220"}],"curies":[{"name":"wp","href":"https:\/\/api.w.org\/{rel}","templated":true}]}}