{"id":3219,"date":"2013-10-25T13:28:45","date_gmt":"2013-10-25T15:28:45","guid":{"rendered":"http:\/\/catolicanet.net\/wp-cnet\/homilia-do-papa-em-santa-marta-qreconhecer-se-pecador-e-uma-gracaq\/"},"modified":"2017-03-23T14:14:06","modified_gmt":"2017-03-23T17:14:06","slug":"homilia-do-papa-em-santa-marta-qreconhecer-se-pecador-e-uma-gracaq","status":"publish","type":"post","link":"https:\/\/catolicanet.net\/wp-cnet\/homilia-do-papa-em-santa-marta-qreconhecer-se-pecador-e-uma-gracaq\/","title":{"rendered":"Homilia do Papa em Santa Marta: &#8220;Reconhecer-se pecador \u00e9 uma gra\u00e7a&#8221;"},"content":{"rendered":"<p style=\"text-align: justify;\"><img decoding=\"async\" src=\"http:\/\/catolicanet.com.br\/images\/stories\/sombrapapafrancisco.jpg\" border=\"0\" align=\"left\" \/>O Santo Padre celebrou, na manh\u00e3 desta sexta-feira, na Capela da Casa Santa Marta, no Vaticano, uma Santa Missa, durante a qual fez uma breve homilia.<\/p>\n<p>Em sua reflex\u00e3o matutina, o Papa falou sobre o Sacramento da Reconcilia\u00e7\u00e3o, onde \u201co crist\u00e3o luta contra o mal, mediante a confiss\u00e3o sincera de seus pecados\u201d. De fato, confessar-se \u00e9 ir ao encontro do amor de Jesus, com sinceridade de cora\u00e7\u00e3o e com transpar\u00eancia.<\/p>\n<p>Para muitos fi\u00e9is adultos, explicou o Pont\u00edfice, confessar-se diante de um sacerdote \u00e9 um grande esfor\u00e7o, que, \u00e0s vezes, pode levar \u00e0 exclus\u00e3o da pr\u00e1tica do Sacramento. E acrescentou:<\/p>\n<p>\u201cEsta \u00e9 a luta do crist\u00e3o; \u00e9 a nossa luta de todos os dias. E n\u00f3s, nem sempre temos a coragem de falar como S\u00e3o Paulo sobre esta luta, Sempre buscamos um meio para justificar-nos. Mas, se n\u00f3s n\u00e3o reconhecermos que somos pecadores, n\u00e3o podemos obter o perd\u00e3o de Deus. Esta \u00e9 uma realidade que nos torna escravos, necessitados da for\u00e7a de liberta\u00e7\u00e3o do Senhor\u201d.<\/p>\n<p>A confiss\u00e3o dos pecados, feita com humildade, disse o Pont\u00edfice, \u00e9 o que a Igreja nos pede. Confessar os pecados n\u00e3o \u00e9 ir a uma sess\u00e3o de psiquiatria e nem ir a um encontro de tortura. \u00c9 simplesmente reconhecer-se pecador diante do Senhor e diante dos irm\u00e3os; \u00e9 confessar as pr\u00f3prias faltas concretamente, com a simplicidade de uma crian\u00e7a. Reconhecer-se pecador, concluiu Papa Francisco, \u00e9 uma gra\u00e7a!<\/p>\n<p style=\"text-align: justify;\">\u00a0<\/p>\n<p style=\"text-align: justify;\"><strong>Local: Cidade do Vaticano<br \/>Fonte: R\u00e1dio Vaticano<\/strong><\/p>\n","protected":false},"excerpt":{"rendered":"<p>O Santo Padre celebrou, na manh\u00e3 desta sexta-feira, na Capela da Casa Santa Marta, no Vaticano, uma Santa Missa, durante a qual fez uma breve homilia. Em sua reflex\u00e3o matutina, o Papa falou sobre o Sacramento da Reconcilia\u00e7\u00e3o, onde \u201co crist\u00e3o luta contra o mal, mediante a confiss\u00e3o sincera de seus pecados\u201d. De fato, confessar-se [&hellip;]<\/p>\n","protected":false},"author":1,"featured_media":0,"comment_status":"closed","ping_status":"closed","sticky":false,"template":"","format":"standard","meta":{"footnotes":""},"categories":[3],"tags":[],"class_list":["post-3219","post","type-post","status-publish","format-standard","hentry","category-vaticano"],"_links":{"self":[{"href":"https:\/\/catolicanet.net\/wp-cnet\/wp-json\/wp\/v2\/posts\/3219","targetHints":{"allow":["GET"]}}],"collection":[{"href":"https:\/\/catolicanet.net\/wp-cnet\/wp-json\/wp\/v2\/posts"}],"about":[{"href":"https:\/\/catolicanet.net\/wp-cnet\/wp-json\/wp\/v2\/types\/post"}],"author":[{"embeddable":true,"href":"https:\/\/catolicanet.net\/wp-cnet\/wp-json\/wp\/v2\/users\/1"}],"replies":[{"embeddable":true,"href":"https:\/\/catolicanet.net\/wp-cnet\/wp-json\/wp\/v2\/comments?post=3219"}],"version-history":[{"count":1,"href":"https:\/\/catolicanet.net\/wp-cnet\/wp-json\/wp\/v2\/posts\/3219\/revisions"}],"predecessor-version":[{"id":7626,"href":"https:\/\/catolicanet.net\/wp-cnet\/wp-json\/wp\/v2\/posts\/3219\/revisions\/7626"}],"wp:attachment":[{"href":"https:\/\/catolicanet.net\/wp-cnet\/wp-json\/wp\/v2\/media?parent=3219"}],"wp:term":[{"taxonomy":"category","embeddable":true,"href":"https:\/\/catolicanet.net\/wp-cnet\/wp-json\/wp\/v2\/categories?post=3219"},{"taxonomy":"post_tag","embeddable":true,"href":"https:\/\/catolicanet.net\/wp-cnet\/wp-json\/wp\/v2\/tags?post=3219"}],"curies":[{"name":"wp","href":"https:\/\/api.w.org\/{rel}","templated":true}]}}