{"id":32188,"date":"2017-06-28T09:23:04","date_gmt":"2017-06-28T12:23:04","guid":{"rendered":"http:\/\/catolicanet.net\/wp-cnet\/?p=32188"},"modified":"2017-06-29T10:35:25","modified_gmt":"2017-06-29T13:35:25","slug":"audiencia-a-unica-forca-do-cristao-e-o-evangelho","status":"publish","type":"post","link":"https:\/\/catolicanet.net\/wp-cnet\/audiencia-a-unica-forca-do-cristao-e-o-evangelho\/","title":{"rendered":"Audi\u00eancia: a \u00fanica for\u00e7a do crist\u00e3o \u00e9 o Evangelho"},"content":{"rendered":"<p>Cidade do Vaticano (RV) \u2013 Cerca de 20 mil pessoas participaram da Audi\u00eancia Geral com o Papa Francisco na Pra\u00e7a S. Pedro<\/p>\n<p>Tratou-se da \u00faltima antes da pausa de ver\u00e3o \u2013 as audi\u00eancias ser\u00e3o retomadas em agosto -. O Papa dedicou a sua catequese \u00e0 esperan\u00e7a como for\u00e7a dos m\u00e1rtires.<\/p>\n<p><a href=\"http:\/\/media02.radiovaticana.va\/audio\/audio2\/mp3\/00587097.mp3\">Clique aqui para ouvir:<\/a><\/p>\n<p><a href=\"https:\/\/www.youtube.com\/watch?v=ld4mqEmucXI\">Clique aqui para assistir o v\u00eddeo:<\/a><\/p>\n<p>Ao enviar os disc\u00edpulos em miss\u00e3o, explicou Francisco, Jesus adverte que o an\u00fancio do Reino comporta sempre uma oposi\u00e7\u00e3o: \u201cVoc\u00eas ser\u00e3o odiados por causa do meu nome\u201d. \u201cOs crist\u00e3os amam, mas nem sempre s\u00e3o amados\u201d, disse o Papa. Portanto, os crist\u00e3os s\u00e3o homens e mulheres contracorrente, que vivem seguindo um estilo de vida indicado por Jesus \u2013 um estilo que Francisco definiu \u201cestilo de esperan\u00e7a\u201d.<\/p>\n<p>A \u00fanica for\u00e7a \u00e9 o Evangelho<\/p>\n<p>Para se parecer com Cristo, \u00e9 preciso ser desapegado das riquezas e do poder. O crist\u00e3o percorre o seu caminho com o essencial, mas com o cora\u00e7\u00e3o repleto de amor. De fato, jamais deve usar a viol\u00eancia. A \u00fanica for\u00e7a \u00e9 o Evangelho. A persegui\u00e7\u00e3o, portanto, n\u00e3o \u00e9 uma contradi\u00e7\u00e3o. Se perseguiram o Mestre, porque ser\u00edamos poupados da luta? Por\u00e9m, em meio \u00e0 batalha, o crist\u00e3o jamais deve perder a esperan\u00e7a. H\u00e1 Algu\u00e9m que \u00e9 mais forte do que o mal: mais forte do que as m\u00e1fias, de quem lucra sobre a pele dos desesperados, de quem espezinha os outros com prepot\u00eancia.<\/p>\n<p>Os crist\u00e3os, portanto, devem sempre estar na outra margem do mundo, aquela escolhida por Deus: n\u00e3o perseguidores, mas perseguidos; n\u00e3o arrogantes, mas mansos; n\u00e3o impostores, mas honestos.<\/p>\n<p>Perfume de discipulado<\/p>\n<p>Esta fidelidade ao estilo de Jesus foi chamada pelos primeiros crist\u00e3os com o nome de \u201cmart\u00edrio\u201d, que significa \u201ctestemunho\u201d. O vocabul\u00e1rio oferecia muitas outras possibilidades: hero\u00edsmo, abnega\u00e7\u00e3o, sacrif\u00edcio de si. Mas os primeiros crist\u00e3os escolheram um nome \u201ccom perfume de discipulado\u201d.<\/p>\n<p>\u201cOs m\u00e1rtires n\u00e3o vivem para si, n\u00e3o combatem para afirmar as pr\u00f3prias ideias, e aceitam morrer somente por fidelidade ao evangelho. O mart\u00edrio n\u00e3o \u00e9 nem mesmo o ideal supremo da vida crist\u00e3, porque acima dele est\u00e1 a caridade, isto \u00e9, o amor a Deus e ao pr\u00f3ximo. A ideia de que quem comete atentados suicidas seja chamado m\u00e1rtir repugna os crist\u00e3os: neste ato, n\u00e3o h\u00e1 nada que possa se aproximar da atitude de filhos de Deus.<\/p>\n<p>\u201cQue Deus nos doe sempre a for\u00e7a de ser suas testemunhas. Que Ele nos doe viver a esperan\u00e7a crist\u00e3 sobretudo no mart\u00edrio confidencial de fazer o bem e com amor os nossos deveres de todos os dias.\u201d<\/p>\n<p>Ao final da Audi\u00eancia, o Papa concedeu a sua b\u00ean\u00e7\u00e3o apost\u00f3lica.<\/p>\n<p>Fonte: R\u00e1dio Vaticano<\/p>\n","protected":false},"excerpt":{"rendered":"<p>Cidade do Vaticano (RV) \u2013 Cerca de 20 mil pessoas participaram da Audi\u00eancia Geral com o Papa Francisco na Pra\u00e7a S. Pedro Tratou-se da \u00faltima antes da pausa de ver\u00e3o \u2013 as audi\u00eancias ser\u00e3o retomadas em agosto -. O Papa dedicou a sua catequese \u00e0 esperan\u00e7a como for\u00e7a dos m\u00e1rtires. Clique aqui para ouvir: Clique [&hellip;]<\/p>\n","protected":false},"author":1,"featured_media":32189,"comment_status":"open","ping_status":"open","sticky":false,"template":"","format":"standard","meta":{"footnotes":""},"categories":[3],"tags":[],"class_list":["post-32188","post","type-post","status-publish","format-standard","has-post-thumbnail","hentry","category-vaticano"],"_links":{"self":[{"href":"https:\/\/catolicanet.net\/wp-cnet\/wp-json\/wp\/v2\/posts\/32188","targetHints":{"allow":["GET"]}}],"collection":[{"href":"https:\/\/catolicanet.net\/wp-cnet\/wp-json\/wp\/v2\/posts"}],"about":[{"href":"https:\/\/catolicanet.net\/wp-cnet\/wp-json\/wp\/v2\/types\/post"}],"author":[{"embeddable":true,"href":"https:\/\/catolicanet.net\/wp-cnet\/wp-json\/wp\/v2\/users\/1"}],"replies":[{"embeddable":true,"href":"https:\/\/catolicanet.net\/wp-cnet\/wp-json\/wp\/v2\/comments?post=32188"}],"version-history":[{"count":1,"href":"https:\/\/catolicanet.net\/wp-cnet\/wp-json\/wp\/v2\/posts\/32188\/revisions"}],"predecessor-version":[{"id":32190,"href":"https:\/\/catolicanet.net\/wp-cnet\/wp-json\/wp\/v2\/posts\/32188\/revisions\/32190"}],"wp:featuredmedia":[{"embeddable":true,"href":"https:\/\/catolicanet.net\/wp-cnet\/wp-json\/wp\/v2\/media\/32189"}],"wp:attachment":[{"href":"https:\/\/catolicanet.net\/wp-cnet\/wp-json\/wp\/v2\/media?parent=32188"}],"wp:term":[{"taxonomy":"category","embeddable":true,"href":"https:\/\/catolicanet.net\/wp-cnet\/wp-json\/wp\/v2\/categories?post=32188"},{"taxonomy":"post_tag","embeddable":true,"href":"https:\/\/catolicanet.net\/wp-cnet\/wp-json\/wp\/v2\/tags?post=32188"}],"curies":[{"name":"wp","href":"https:\/\/api.w.org\/{rel}","templated":true}]}}