{"id":3218,"date":"2013-10-25T12:15:24","date_gmt":"2013-10-25T14:15:24","guid":{"rendered":"http:\/\/catolicanet.net\/wp-cnet\/audiencia-pontificia-na-conclusao-da-plenaria-da-familia\/"},"modified":"2017-03-23T14:13:29","modified_gmt":"2017-03-23T17:13:29","slug":"audiencia-pontificia-na-conclusao-da-plenaria-da-familia","status":"publish","type":"post","link":"https:\/\/catolicanet.net\/wp-cnet\/audiencia-pontificia-na-conclusao-da-plenaria-da-familia\/","title":{"rendered":"Audi\u00e8ncia pontif\u00edcia na conclus\u00e3o da Plen\u00e1ria da Fam\u00edlia"},"content":{"rendered":"<p style=\"text-align: justify;\"><img decoding=\"async\" src=\"http:\/\/catolicanet.com.br\/images\/stories\/papaaudienciapontificia.jpg\" border=\"0\" align=\"left\" \/>Papa Francisco recebeu, na manh\u00e3 desta sexta-feira, na Sala Clementina, no Vaticano, cerca de 150 participantes na XXI Assembl\u00e9ia Plen\u00e1ria do Pontif\u00edcio Conselho para a Fam\u00edlia, que se conclui, hoje, com a audi\u00eancia pontif\u00edcia.<\/p>\n<p>No discurso que pronunciou aos presentes, o Santo Padre se deteve sobre tr\u00eas pontos principais: \u201cfam\u00edlia, comunidade de vida, com consist\u00eancia aut\u00f4noma\u201d; \u201cfam\u00edlia fundada no matrim\u00f4nio\u201d e \u201cfases da vida familiar: inf\u00e2ncia e velhice\u201d.<\/p>\n<p>Falando sobre o primeiro ponto \u201ca fam\u00edlia \u00e9 uma comunidade de vida, que tem uma sua consist\u00eancia aut\u00f4noma\u201d, o Papa recordou a exorta\u00e7\u00e3o apost\u00f3lica Familiaris Consortio de JPII: \u201cA fam\u00edlia n\u00e3o \u00e9 a soma de pessoas que a constituem, mas uma comunidade de pessoas\u201d. E definiu a fam\u00edlia:<\/p>\n<p>\u201cA fam\u00edlia \u00e8 o lugar onde se aprende a amar; \u00e9 o centro natural da vida humana. Ela \u00e9 composta de rostos e de pessoas que amam, dialogam, se sacrificam e defendem a vida, sobretudo a mais fr\u00e1gil e fraca&#8230; a fam\u00edlia \u00e9 o motor do mundo e da hist\u00f3ria\u201d.<\/p>\n<p>Na fam\u00edlia, esclareceu o Bispo de Roma, cada um constr\u00f3i a pr\u00f3pria personalidade, cresce, respira o calor da casa; \u00e9 o lugar dos nossos afetos, da nossa intimidade, de aprendizagem; nela, a pessoa toma consci\u00eancia da pr\u00f3pria dignidade, da educa\u00e7\u00e3o crist\u00e3 e dos respeito aos outros, sobretudo os enfermos e marginalizados.<\/p>\n<p>Depois, o Papa Francisco apresentou o segundo ponto da sua reflex\u00e3o: \u201ca fam\u00edlia se funda no matrim\u00f4nio\u201d. Mediante um ato de amor livre e fiel, os esposos crist\u00e3os testemunham que o matrim\u00f4nio, como Sacramento, \u00e9 a base sobre a qual se funda a fam\u00edlia e torna mais s\u00f3lida a uni\u00e3o dos c\u00f4njuges e a doa\u00e7\u00e3o rec\u00edproca.<\/p>\n<p>O amor esponsal e familiar revela claramente a voca\u00e7\u00e3o da pessoa a amar, de modo \u00fanico e constante; as prova\u00e7\u00f5es e os sacrif\u00edcios representam uma fase de crescimento no bem, na verdade e na beleza. E o Santo Padre completou:<\/p>\n<p>\u201cNo matrim\u00f4nio, os esposos fazem uma doa\u00e7\u00e3o completa de si, sem c\u00e1lculos e nem reservas, compartilhando tudo, dons e ren\u00fancias, confiando na Provid\u00eancia divina. Eis a experi\u00eancia que os jovens devem aprender de seus pais e av\u00f3s: experi\u00eancia de f\u00e9 em Deus, de confian\u00e7a rec\u00edproca, de profunda liberdade e de santidade\u201d.<\/p>\n<p>Por fim, o Pont\u00edfice exp\u00f4s seu terceiro ponto de vista sobre a fam\u00edlia: as duas fases da vida familiar: \u201ca inf\u00e2ncia e a velhice\u201d. As crian\u00e7as e os idosos representam os dois p\u00f3los da vida, os mais vulner\u00e1veis e at\u00e9 esquecidos. Uma sociedade que marginaliza as pessoas idosas renega as suas ra\u00edzes e obscura o seu futuro.<\/p>\n<p>De fato, explicou o Papa, todas as vezes que uma sociedade abandona uma crian\u00e7a e exclui um idoso, comete, n\u00e3o apenas um ato de injusti\u00e7a, mas proclama a pr\u00f3pria fal\u00eancia. E acrescentou:<\/p>\n<p>\u201cA Igreja que cuida das crian\u00e7as e dos anci\u00e3os se torna a m\u00e3e das gera\u00e7\u00f5es de fi\u00e9is e, ao mesmo tempo, presta servi\u00e7o \u00e0 sociedade humana. Somente assim, mediante o esp\u00edrito de amor, a familiaridade e a solidariedade, pode-se ajudar todos a redescobrir a paternidade e a maternidade de Deus\u201d.<\/p>\n<p>A fam\u00edlia, concluiu o Santo Padre, \u00e9 parte importante da evangeliza\u00e7\u00e3o: os crist\u00e3os comunicam a todos a Boa Nova atrav\u00e9s do testemunho da fam\u00edlia. E seu segredo \u00e9 a presen\u00e7a de Jesus no seio da fam\u00edlia humana.<\/p>\n<p>Papa Francisco exortou os participantes, que concluem a Plen\u00e1ria do Pontif\u00edcio Conselho para a Fam\u00edlia, dizendo: \u201cSejamos solid\u00e1rios, atenciosos e afetuosos, com as fam\u00edlias em dificuldade e em crise; com as obrigadas a deixar suas terras, as que est\u00e3o divididas, que n\u00e3o t\u00eam casa ou trabalho e as sofredoras.<\/p>\n<p>Enfim, o Santo Padre fez votos de que os trabalhos da Assembl\u00e9ia, que hoje se concluem, no Vaticano, possam contribuir para a realiza\u00e7\u00e3o do pr\u00f3ximo S\u00ednodo extraordin\u00e1rio dos Bispos, que ser\u00e1 dedicado precisamente \u00e0s fam\u00edlias.<\/p>\n<p style=\"text-align: justify;\">\u00a0<\/p>\n<p style=\"text-align: justify;\"><strong>Local: Cidade do Vaticano <br \/>Fonte: R\u00e1dio Vaticano<\/strong><\/p>\n","protected":false},"excerpt":{"rendered":"<p>Papa Francisco recebeu, na manh\u00e3 desta sexta-feira, na Sala Clementina, no Vaticano, cerca de 150 participantes na XXI Assembl\u00e9ia Plen\u00e1ria do Pontif\u00edcio Conselho para a Fam\u00edlia, que se conclui, hoje, com a audi\u00eancia pontif\u00edcia. No discurso que pronunciou aos presentes, o Santo Padre se deteve sobre tr\u00eas pontos principais: \u201cfam\u00edlia, comunidade de vida, com consist\u00eancia [&hellip;]<\/p>\n","protected":false},"author":1,"featured_media":0,"comment_status":"closed","ping_status":"closed","sticky":false,"template":"","format":"standard","meta":{"footnotes":""},"categories":[3],"tags":[],"class_list":["post-3218","post","type-post","status-publish","format-standard","hentry","category-vaticano"],"_links":{"self":[{"href":"https:\/\/catolicanet.net\/wp-cnet\/wp-json\/wp\/v2\/posts\/3218","targetHints":{"allow":["GET"]}}],"collection":[{"href":"https:\/\/catolicanet.net\/wp-cnet\/wp-json\/wp\/v2\/posts"}],"about":[{"href":"https:\/\/catolicanet.net\/wp-cnet\/wp-json\/wp\/v2\/types\/post"}],"author":[{"embeddable":true,"href":"https:\/\/catolicanet.net\/wp-cnet\/wp-json\/wp\/v2\/users\/1"}],"replies":[{"embeddable":true,"href":"https:\/\/catolicanet.net\/wp-cnet\/wp-json\/wp\/v2\/comments?post=3218"}],"version-history":[{"count":1,"href":"https:\/\/catolicanet.net\/wp-cnet\/wp-json\/wp\/v2\/posts\/3218\/revisions"}],"predecessor-version":[{"id":7625,"href":"https:\/\/catolicanet.net\/wp-cnet\/wp-json\/wp\/v2\/posts\/3218\/revisions\/7625"}],"wp:attachment":[{"href":"https:\/\/catolicanet.net\/wp-cnet\/wp-json\/wp\/v2\/media?parent=3218"}],"wp:term":[{"taxonomy":"category","embeddable":true,"href":"https:\/\/catolicanet.net\/wp-cnet\/wp-json\/wp\/v2\/categories?post=3218"},{"taxonomy":"post_tag","embeddable":true,"href":"https:\/\/catolicanet.net\/wp-cnet\/wp-json\/wp\/v2\/tags?post=3218"}],"curies":[{"name":"wp","href":"https:\/\/api.w.org\/{rel}","templated":true}]}}