{"id":3217,"date":"2013-10-25T12:07:50","date_gmt":"2013-10-25T14:07:50","guid":{"rendered":"http:\/\/catolicanet.net\/wp-cnet\/egito-ataques-contra-igrejas\/"},"modified":"2017-03-23T14:44:41","modified_gmt":"2017-03-23T17:44:41","slug":"egito-ataques-contra-igrejas","status":"publish","type":"post","link":"https:\/\/catolicanet.net\/wp-cnet\/egito-ataques-contra-igrejas\/","title":{"rendered":"Egito: ataques contra igrejas"},"content":{"rendered":"<p style=\"text-align: justify;\">Durante o ataque terrorista que no \u00faltimo domingo provocou a morte de quatro pessoas &#8211; incluindo uma menina de 9 anos e uma garota de 12 &#8211; e ferindo 18 convidados a um matrim\u00f4nio copta, os policiais que deveriam tomar conta da igreja durante a cerim\u00f4nia estavam ausentes. Isto foi confirmado a fontes da imprensa eg\u00edpcia pelo pessoal da igreja, fornecendo novos motivos para intoler\u00e2ncia contra as for\u00e7as de seguran\u00e7a que j\u00e1 circulam em alguns ambientes crist\u00e3os.<\/p>\n<p>Na quarta-feira, 23, os militantes da Uni\u00e3o Juvenil Maspero &#8211; grupo de jovens ativistas express\u00e3o da comunidade copta ortodoxa \u2013 cancelaram a manifesta\u00e7\u00e3o de protesto convocada ap\u00f3s o massacre para n\u00e3o fornecer um pretexto para a\u00e7\u00f5es provocat\u00f3rias fomentadas por \u201cinfiltrados\u201d, mas, ao mesmo tempo, durante os encontros com representantes do Governo, pediram a remo\u00e7\u00e3o do Ministro do Interior, Mohamed Ibrahim, por sua incapacidade de proteger os crist\u00e3os.<br \/>Enquanto isso, o Sacerdote copta ortodoxo Thomas Daoud Ibrahim, P\u00e1roco da igreja atingida pelo ataque terrorista, confirmou que entre os feridos h\u00e1 alguns membros da Irmandade Mu\u00e7ulmana, convidados ao casamento, e que os membros do movimento isl\u00e2mico participaram no resgate dos feridos depois do atentado.<\/p>\n<p style=\"text-align: justify;\"><strong><br \/><\/strong><\/p>\n<p style=\"text-align: justify;\"><strong>Local: Cairo <br \/>Fonte: R\u00e1dio Vaticano<\/strong><\/p>\n","protected":false},"excerpt":{"rendered":"<p>Durante o ataque terrorista que no \u00faltimo domingo provocou a morte de quatro pessoas &#8211; incluindo uma menina de 9 anos e uma garota de 12 &#8211; e ferindo 18 convidados a um matrim\u00f4nio copta, os policiais que deveriam tomar conta da igreja durante a cerim\u00f4nia estavam ausentes. Isto foi confirmado a fontes da imprensa [&hellip;]<\/p>\n","protected":false},"author":1,"featured_media":0,"comment_status":"closed","ping_status":"closed","sticky":false,"template":"","format":"standard","meta":{"footnotes":""},"categories":[3],"tags":[],"class_list":["post-3217","post","type-post","status-publish","format-standard","hentry","category-vaticano"],"_links":{"self":[{"href":"https:\/\/catolicanet.net\/wp-cnet\/wp-json\/wp\/v2\/posts\/3217","targetHints":{"allow":["GET"]}}],"collection":[{"href":"https:\/\/catolicanet.net\/wp-cnet\/wp-json\/wp\/v2\/posts"}],"about":[{"href":"https:\/\/catolicanet.net\/wp-cnet\/wp-json\/wp\/v2\/types\/post"}],"author":[{"embeddable":true,"href":"https:\/\/catolicanet.net\/wp-cnet\/wp-json\/wp\/v2\/users\/1"}],"replies":[{"embeddable":true,"href":"https:\/\/catolicanet.net\/wp-cnet\/wp-json\/wp\/v2\/comments?post=3217"}],"version-history":[{"count":1,"href":"https:\/\/catolicanet.net\/wp-cnet\/wp-json\/wp\/v2\/posts\/3217\/revisions"}],"predecessor-version":[{"id":7664,"href":"https:\/\/catolicanet.net\/wp-cnet\/wp-json\/wp\/v2\/posts\/3217\/revisions\/7664"}],"wp:attachment":[{"href":"https:\/\/catolicanet.net\/wp-cnet\/wp-json\/wp\/v2\/media?parent=3217"}],"wp:term":[{"taxonomy":"category","embeddable":true,"href":"https:\/\/catolicanet.net\/wp-cnet\/wp-json\/wp\/v2\/categories?post=3217"},{"taxonomy":"post_tag","embeddable":true,"href":"https:\/\/catolicanet.net\/wp-cnet\/wp-json\/wp\/v2\/tags?post=3217"}],"curies":[{"name":"wp","href":"https:\/\/api.w.org\/{rel}","templated":true}]}}