{"id":32151,"date":"2017-06-27T17:06:15","date_gmt":"2017-06-27T20:06:15","guid":{"rendered":"http:\/\/catolicanet.net\/wp-cnet\/?p=32151"},"modified":"2017-06-29T08:49:20","modified_gmt":"2017-06-29T11:49:20","slug":"jovem-fabrica-tercos-com-balas-de-chumbinho-para-salvar-seus-amigos-da-venezuela","status":"publish","type":"post","link":"https:\/\/catolicanet.net\/wp-cnet\/jovem-fabrica-tercos-com-balas-de-chumbinho-para-salvar-seus-amigos-da-venezuela\/","title":{"rendered":"Jovem fabrica ter\u00e7os com balas de chumbinho para \u201csalvar\u201d seus amigos da Venezuela"},"content":{"rendered":"<p>CARACAS, 27 Jun. 17 \/ 08:00 am (ACI).- Na cidade de Barquisimeto, na Venezuela, uma jovem cat\u00f3lica decidiu enfrentar a crise que atinge o seu pa\u00eds fabricando ter\u00e7os com as balas de chumbinho usadas pela repress\u00e3o policial do regime do presidente Nicol\u00e1s Maduro.<\/p>\n<p>Adriana L\u00f3pez, que recolhe todos os dias as balas das ruas da sua cidade, assegurou nesse m\u00eas \u00e0 TVVenezuela Not\u00edcias, que teme ver os seus amigos \u201cl\u00e1 fora e n\u00e3o saber se eles voltar\u00e3o para casa\u201d e, por isso, espera que esta \u201ciniciativa muito boa do ter\u00e7o\u201d os ajude a voltar s\u00e3s e salvos.<\/p>\n<p>A fabrica\u00e7\u00e3o dos ter\u00e7os \u00e9 realizada junto com a sua av\u00f3: depois que a jovem recolhe as balas, esquenta uma agulha e perfura cada uma delas, em seguida introduz uma linha grossa para montar os ter\u00e7os.<\/p>\n<p>\u201cVoc\u00ea v\u00ea as balas de chumbinho e elas t\u00eam um grande significado. Representam cada uma das feridas que os jovens podem ter recebido\u201d, acrescentou.<\/p>\n<p>Na Venezuela, h\u00e1 dois meses n\u00e3o cessam os protestos ante a insustent\u00e1vel crise econ\u00f4mica, a grave escassez de alimentos e rem\u00e9dios; e as graves viola\u00e7\u00f5es dos direitos humanos provocadas pelo governo.<\/p>\n<p>No dia 1\u00ba de maio, o presidente Nicol\u00e1s Maduro convocou a uma Assembleia Constituinte para alterar a Carta Magna promulgada por Hugo Ch\u00e1vez em 1999.<\/p>\n<p>A medida foi fortemente respondida pela oposi\u00e7\u00e3o que assinalou que a medida de Maduro se trata de um novo golpe de Estado e exortou a popula\u00e7\u00e3o a continuar os protestos pac\u00edficos nas ruas.<\/p>\n<p>Em v\u00e1rias ocasi\u00f5es, o Papa Francisco mostrou publicamente a sua preocupa\u00e7\u00e3o pelo pa\u00eds. Por exemplo, no dia 5 de maio, enviou uma carta aos bispos da Venezuela, na qual assegurava sentir uma profunda dor pela situa\u00e7\u00e3o.<\/p>\n<p>\u201cAsseguro-lhes que estou acompanhando com grande preocupa\u00e7\u00e3o a situa\u00e7\u00e3o do povo venezuelano ante os graves problemas que atingem o pa\u00eds, e sinto uma profunda dor pelos confrontos e pela viol\u00eancia dos \u00faltimos dias, que provocaram numerosos mortos e feridos, e que n\u00e3o ajudam a solucionar os problemas, mas somente causam mais sofrimento e dor\u201d, manifestou o Pont\u00edfice naquela ocasi\u00e3o.<\/p>\n<p>Fonte: Acidigital<\/p>\n","protected":false},"excerpt":{"rendered":"<p>CARACAS, 27 Jun. 17 \/ 08:00 am (ACI).- Na cidade de Barquisimeto, na Venezuela, uma jovem cat\u00f3lica decidiu enfrentar a crise que atinge o seu pa\u00eds fabricando ter\u00e7os com as balas de chumbinho usadas pela repress\u00e3o policial do regime do presidente Nicol\u00e1s Maduro. Adriana L\u00f3pez, que recolhe todos os dias as balas das ruas da [&hellip;]<\/p>\n","protected":false},"author":1,"featured_media":32152,"comment_status":"open","ping_status":"open","sticky":false,"template":"","format":"standard","meta":{"footnotes":""},"categories":[4],"tags":[],"class_list":["post-32151","post","type-post","status-publish","format-standard","has-post-thumbnail","hentry","category-cotidiano"],"_links":{"self":[{"href":"https:\/\/catolicanet.net\/wp-cnet\/wp-json\/wp\/v2\/posts\/32151","targetHints":{"allow":["GET"]}}],"collection":[{"href":"https:\/\/catolicanet.net\/wp-cnet\/wp-json\/wp\/v2\/posts"}],"about":[{"href":"https:\/\/catolicanet.net\/wp-cnet\/wp-json\/wp\/v2\/types\/post"}],"author":[{"embeddable":true,"href":"https:\/\/catolicanet.net\/wp-cnet\/wp-json\/wp\/v2\/users\/1"}],"replies":[{"embeddable":true,"href":"https:\/\/catolicanet.net\/wp-cnet\/wp-json\/wp\/v2\/comments?post=32151"}],"version-history":[{"count":1,"href":"https:\/\/catolicanet.net\/wp-cnet\/wp-json\/wp\/v2\/posts\/32151\/revisions"}],"predecessor-version":[{"id":32153,"href":"https:\/\/catolicanet.net\/wp-cnet\/wp-json\/wp\/v2\/posts\/32151\/revisions\/32153"}],"wp:featuredmedia":[{"embeddable":true,"href":"https:\/\/catolicanet.net\/wp-cnet\/wp-json\/wp\/v2\/media\/32152"}],"wp:attachment":[{"href":"https:\/\/catolicanet.net\/wp-cnet\/wp-json\/wp\/v2\/media?parent=32151"}],"wp:term":[{"taxonomy":"category","embeddable":true,"href":"https:\/\/catolicanet.net\/wp-cnet\/wp-json\/wp\/v2\/categories?post=32151"},{"taxonomy":"post_tag","embeddable":true,"href":"https:\/\/catolicanet.net\/wp-cnet\/wp-json\/wp\/v2\/tags?post=32151"}],"curies":[{"name":"wp","href":"https:\/\/api.w.org\/{rel}","templated":true}]}}