{"id":3214,"date":"2013-10-25T11:28:48","date_gmt":"2013-10-25T13:28:48","guid":{"rendered":"http:\/\/catolicanet.net\/wp-cnet\/padrinhos-pais-segundo-deus\/"},"modified":"2017-03-23T14:43:16","modified_gmt":"2017-03-23T17:43:16","slug":"padrinhos-pais-segundo-deus","status":"publish","type":"post","link":"https:\/\/catolicanet.net\/wp-cnet\/padrinhos-pais-segundo-deus\/","title":{"rendered":"Padrinhos, pais segundo Deus"},"content":{"rendered":"<p style=\"text-align: center;\"><strong><img decoding=\"async\" src=\"http:\/\/catolicanet.com.br\/images\/stories\/criancabatizado.jpg\" border=\"0\" \/><br \/>Os padrinhos s\u00e3o chamados \u00e0 santidade de vida. N\u00e3o \u00e9 da al\u00e7ada deles a compra de presentes, mas a instru\u00e7\u00e3o na f\u00e9 cat\u00f3lica<\/strong><\/p>\n<p style=\"text-align: justify;\">O papel dos padrinhos na forma\u00e7\u00e3o dos crist\u00e3os \u00e9 mais antigo do que se imagina. A tradi\u00e7\u00e3o remonta ao s\u00e9culo quarto, quando a Igreja tinha de enfrentar as persegui\u00e7\u00f5es romanas e as heresias pag\u00e3s. A eles cabia o dever de instruir os catec\u00famenos na f\u00e9 cat\u00f3lica, preservando-os dos erros que pululavam na comunidade. E no caso das crian\u00e7as, al\u00e9m de professarem a f\u00e9 em nome delas, recebiam a responsabilidade de educ\u00e1-las conforme a doutrina perene dos santos ap\u00f3stolos.<\/p>\n<p>O decreto Ad Gentes, do Conc\u00edlio Vaticano II, procurou enfatizar esse significado do apadrinhamento, recordando que a inicia\u00e7\u00e3o crist\u00e3 no catecumenato n\u00e3o \u00e9 obra apenas dos sacerdotes ou dos catequistas; \u00e9 &#8220;de toda a comunidade dos fi\u00e9is, especialmente dos padrinhos, de forma que desde o come\u00e7o os catec\u00famenos sintam que pertencem ao Povo de Deus&#8221; (1). Assim se expressava tamb\u00e9m o Pastor Angelicus na Enc\u00edclica Mystici Corporis. Segundo Pio XII, os padrinhos e madrinhas &#8220;ocupam um posto honor\u00edfico, embora muitas vezes humilde, na sociedade crist\u00e3, e podem muito bem sob a inspira\u00e7\u00e3o e com o favor de Deus subir aos v\u00e9rtices da santidade&#8221; (2).<\/p>\n<p>As palavras do vener\u00e1vel Papa s\u00e3o um verdadeiro alento, al\u00e9m de um sutil, por\u00e9m necess\u00e1rio, pux\u00e3o de orelha. Os padrinhos s\u00e3o chamados \u00e0 santidade de vida. N\u00e3o \u00e9 da al\u00e7ada deles a compra de presentes, mas a instru\u00e7\u00e3o na f\u00e9 cat\u00f3lica, porquanto &#8220;uma crian\u00e7a n\u00e3o \u00e9 capaz de um ato livre de f\u00e9: ainda n\u00e3o a pode confessar sozinha e, por isso mesmo, \u00e9 confessada pelos seus pais e pelos padrinhos em nome dela.&#8221; (3) Numa \u00e9poca dominada pelas falsas filosofias de vida e pelos erros ideol\u00f3gicos, exaustivamente pregados nas escolas e na imprensa, reavivar o sentido do apadrinhamento na f\u00e9 cat\u00f3lica parece tarefa imprescind\u00edvel.<\/p>\n<p>O C\u00f3digo do Direito Can\u00f4nico disp\u00f5e algumas normas para que se escolha o padrinho do batizando. Em primeiro lugar, obviamente, exige-se que &#8220;seja cat\u00f3lico, confirmado e j\u00e1 tenha recebido a Sant\u00edssima Eucaristia, e leve uma vida consent\u00e2nea com a f\u00e9 e o m\u00fanus que vai desempenhar&#8221;. (4) Depois, que &#8220;n\u00e3o esteja abrangido por nenhuma pena can\u00f4nica legitimamente aplicada ou declarada&#8221;. Ora, ao contr\u00e1rio do que possa parecer, n\u00e3o s\u00e3o regras absurdas. Como dito anteriormente, aos padrinhos cabe a miss\u00e3o de &#8220;assistir na inicia\u00e7\u00e3o crist\u00e3&#8221; e &#8220;esfor\u00e7ar-se por que o batizado viva uma vida crist\u00e3 consent\u00e2nea com o batismo e cumpra fielmente as obriga\u00e7\u00f5es que lhe s\u00e3o inerentes&#8221;.<\/p>\n<p>Os padrinhos s\u00e3o muito mais que uma posi\u00e7\u00e3o social; s\u00e3o pais segundo Deus, pois no batismo morre o &#8220;homem velho&#8221; e nasce o &#8220;homem novo&#8221;. E como verdadeiros pais, t\u00eam o grave dever de transformar seus filhos em soldados de Cristo, educando-os na escola de santidade dos grandes santos da Igreja.<\/p>\n<p style=\"text-align: justify;\">\u00a0<\/p>\n<p style=\"text-align: justify;\"><strong>Local: S\u00e3o Paulo (SP)<br \/>Fonte: ALETEIA<\/strong><\/p>\n","protected":false},"excerpt":{"rendered":"<p>Os padrinhos s\u00e3o chamados \u00e0 santidade de vida. N\u00e3o \u00e9 da al\u00e7ada deles a compra de presentes, mas a instru\u00e7\u00e3o na f\u00e9 cat\u00f3lica O papel dos padrinhos na forma\u00e7\u00e3o dos crist\u00e3os \u00e9 mais antigo do que se imagina. A tradi\u00e7\u00e3o remonta ao s\u00e9culo quarto, quando a Igreja tinha de enfrentar as persegui\u00e7\u00f5es romanas e as [&hellip;]<\/p>\n","protected":false},"author":1,"featured_media":0,"comment_status":"closed","ping_status":"closed","sticky":false,"template":"","format":"standard","meta":{"footnotes":""},"categories":[4],"tags":[],"class_list":["post-3214","post","type-post","status-publish","format-standard","hentry","category-cotidiano"],"_links":{"self":[{"href":"https:\/\/catolicanet.net\/wp-cnet\/wp-json\/wp\/v2\/posts\/3214","targetHints":{"allow":["GET"]}}],"collection":[{"href":"https:\/\/catolicanet.net\/wp-cnet\/wp-json\/wp\/v2\/posts"}],"about":[{"href":"https:\/\/catolicanet.net\/wp-cnet\/wp-json\/wp\/v2\/types\/post"}],"author":[{"embeddable":true,"href":"https:\/\/catolicanet.net\/wp-cnet\/wp-json\/wp\/v2\/users\/1"}],"replies":[{"embeddable":true,"href":"https:\/\/catolicanet.net\/wp-cnet\/wp-json\/wp\/v2\/comments?post=3214"}],"version-history":[{"count":1,"href":"https:\/\/catolicanet.net\/wp-cnet\/wp-json\/wp\/v2\/posts\/3214\/revisions"}],"predecessor-version":[{"id":7661,"href":"https:\/\/catolicanet.net\/wp-cnet\/wp-json\/wp\/v2\/posts\/3214\/revisions\/7661"}],"wp:attachment":[{"href":"https:\/\/catolicanet.net\/wp-cnet\/wp-json\/wp\/v2\/media?parent=3214"}],"wp:term":[{"taxonomy":"category","embeddable":true,"href":"https:\/\/catolicanet.net\/wp-cnet\/wp-json\/wp\/v2\/categories?post=3214"},{"taxonomy":"post_tag","embeddable":true,"href":"https:\/\/catolicanet.net\/wp-cnet\/wp-json\/wp\/v2\/tags?post=3214"}],"curies":[{"name":"wp","href":"https:\/\/api.w.org\/{rel}","templated":true}]}}